{"id":13197,"date":"2018-09-28T07:45:55","date_gmt":"2018-09-28T06:45:55","guid":{"rendered":"https:\/\/www.traveltelling.net\/?p=13197"},"modified":"2025-08-28T10:30:42","modified_gmt":"2025-08-28T09:30:42","slug":"testbericht-bestes-2-personen-zelt-telemark-2lw-von-nordisk","status":"publish","type":"post","link":"https:\/\/www.traveltelling.net\/de\/testbericht-bestes-2-personen-zelt-telemark-2lw-von-nordisk\/","title":{"rendered":"Telemark 2 LW: Leichter, kleiner und komfortabler kaum m\u00f6glich!"},"content":{"rendered":"<p>Ein Leichtgewicht unter den Zelten f\u00fcr Radreisen und Wandern. Leichter, kleiner, komfortabler kaum m\u00f6glich. Ich habe das Telemark 2 LW ausf\u00fchrlich getestet.<\/p>\n<h2><strong>Das Telemark 2 LW als Zelt beim Radreisen<\/strong><\/h2>\n<p>Der Sommer 2018 war ja wirklich ein Wahnsinnskracher! Seit Ende April herrschten hier in Mecklenburg-Vorpommern fast t\u00e4glich Temperaturen um die 30 Grad. Perfektes Timing also, dass ich mir gerade diesen Sommer ausgesucht habe, um nach drei Jahren des weltweiten Herumreisens, Deutschland zu erkunden. Besser gesagt, zum einen meine neue Heimat Mecklenburg-Vorpommern mit seinen rund 2.200 Seen, unber\u00fchrter Natur und der traumhaften Ostseek\u00fcste. Und zum anderen, die Region, in der ich gro\u00df geworden bin \u2013 das <a href=\"https:\/\/www.traveltelling.net\/de\/muensterland-radfahren-100-schloesser-route-nordkurs\/\"><u>M\u00fcnsterland<\/u><\/a>. Zwar habe ich hier 21 Jahre gelebt, aber bei weitem nicht alles entdeckt, was es hier zu entdecken gibt.<\/p>\n<p>Die Erkundungstouren finden wie so oft mit dem Fahrrad statt. Um besonders leicht unterwegs zu sein, war es an der Zeit, meine Ausr\u00fcstung mal ein wenig abzuspecken. Sprich, noch leichter zu Reisen, als ich es sowieso schon tue. Auf dem Radreise Blog von Martin, Biketour Global, habe ich das Nordisk Lofoten Zelt <a href=\"https:\/\/www.biketour-global.de\/2017\/07\/30\/kleiner-und-leichter-geht-grad-nicht-das-nordisk-lofoten-1-ulw-zelt-im-test\/\" target=\"_blank\" rel=\"nofollow noopener noreferrer\">entdeckt<\/a>. Ein Ultra Light Zelt mit gerade einmal 500 g Gewicht und 11&#215;22 cm Packma\u00df. Angeblich bietet es Platz genug f\u00fcr zwei Personen. Daraufhin habe ich mich auf der Website von Nordisk einmal genauer umgeschaut und stand dann vor der Wahl \u00a0zwischen besagtem Lufoten und dem Telemark LW 2. Letzteres ist mit 950 g zwar knapp doppelt so schwer, bietet aber weitaus mehr Platz und Komfort, gerade f\u00fcr zwei Personen. Und da wir auch oft zu zweit unterwegs sind, sieht das Telemark 2 LW nach einer guten und leichteren Alternative zu unserem ger\u00e4umigen Muttha Hubba NX 3 Mann Zelt von MSR mit knapp 2,5 kg aus.<\/p>\n<p>Nach einem Anruf bei Hugo von Nordisk, der mir ebenfalls zu dieser Variante geraten hat, konnte ich es kaum erwarten, das Zelt diesen Sommer mit auf Tour zu nehmen. Auf meine Anfrage hin wurde mir das Telemark 2 LW dann zum Testen und Bewerten zugeschickt. Mittlerweile habe ich es bereits auf mehreren Touren dabei gehabt. Ihr k\u00f6nnt im Folgenden lesen, ob es h\u00e4lt, was es verspricht und wie es meiner Meinung nach abgeschnitten hat.<\/p>\n<h2><strong>Telemark 2 LW vs. Telemark 2 ULW<\/strong><\/h2>\n<p>Das Telemark 2 LW wiegt insgesamt 70 Gramm mehr als die Ultra Light Variante. Den Unterschied machen die super leichten Alustangen, die bei der LW Variante ein wenig stabiler sind. Zwar achte ich gerne auf jedes Gramm, aber Stabilit\u00e4t und Komfort haben in diesem Fall doch Vorrang. Den geringen Gewichtsunterschied nehme ich gerne in Kauf, da es mit 950 Gramm immer noch sehr leicht\u00a0 ist im Vergleich zu seinen konkurrierenden Produkten auf dem Markt. Man kann zwischen den Farben Forest Green und Burnt Red w\u00e4hlen.<\/p>\n<h2><strong>Packma\u00df und Verstauung<\/strong><\/h2>\n<p>Mit einem Packma\u00df von gerade mal 12&#215;41 cm und einem Gewicht von 950 g ist das Telemark 2 LW ein echtes Leichtgewicht unter den Zelten. Ich pers\u00f6nlich lasse den extra Packsack weg und bekomme selbst ein zus\u00e4tzliches Footprint (390 g) mit in den integrierten Stausack. Horizontal passt das Ganze dann problemlos in meinen Frontroller. Allerdings bevorzuge ich es, das Zelt zusammen mit Schlafsack und Kopfkissen in meinem wasserdichten XL (blau) Packsack von SeaToSummit, den ich auf dem Gep\u00e4cktr\u00e4ger verstaue, unterzubringen.<\/p>\n<div id=\"attachment_13264\" style=\"width: 4010px\" class=\"wp-caption aligncenter\"><img decoding=\"async\" aria-describedby=\"caption-attachment-13264\" class=\"lazyload wp-image-13264 size-full\" src=\"data:image\/svg+xml,%3Csvg%20xmlns%3D%27http%3A%2F%2Fwww.w3.org%2F2000%2Fsvg%27%20width%3D%274000%27%20height%3D%273000%27%20viewBox%3D%270%200%204000%203000%27%3E%3Crect%20width%3D%274000%27%20height%3D%273000%27%20fill-opacity%3D%220%22%2F%3E%3C%2Fsvg%3E\" data-orig-src=\"https:\/\/www.traveltelling.net\/wp-content\/uploads\/2018\/08\/Nordisk-Telemark-2LW-Test-Erfahrungsbericht-1.jpeg\" alt=\"Telemark 2 LW Test und Erfahrungsbericht\" width=\"4000\" height=\"3000\" \/><p id=\"caption-attachment-13264\" class=\"wp-caption-text\">Ultra leicht unterwegs!<\/p><\/div>\n<div id=\"attachment_13515\" style=\"width: 1755px\" class=\"wp-caption aligncenter\"><img decoding=\"async\" aria-describedby=\"caption-attachment-13515\" class=\"lazyload wp-image-13515 size-full\" src=\"https:\/\/www.traveltelling.net\/wp-content\/uploads\/2018\/09\/Ultraleichtes-zwei-Personen-Zelt-Telemark-2-LW-2.jpg\" data-orig-src=\"https:\/\/www.traveltelling.net\/wp-content\/uploads\/2018\/09\/Ultraleichtes-zwei-Personen-Zelt-Telemark-2-LW-2.jpg\" alt=\"Ultraleichtes Zelt: Nordisk Telemark 2 LW Testbericht\" width=\"1745\" height=\"1200\" srcset=\"data:image\/svg+xml,%3Csvg%20xmlns%3D%27http%3A%2F%2Fwww.w3.org%2F2000%2Fsvg%27%20width%3D%271745%27%20height%3D%271200%27%20viewBox%3D%270%200%201745%201200%27%3E%3Crect%20width%3D%271745%27%20height%3D%271200%27%20fill-opacity%3D%220%22%2F%3E%3C%2Fsvg%3E\" data-srcset=\"https:\/\/www.traveltelling.net\/wp-content\/uploads\/2018\/09\/Ultraleichtes-zwei-Personen-Zelt-Telemark-2-LW-2-200x138.jpg 200w, https:\/\/www.traveltelling.net\/wp-content\/uploads\/2018\/09\/Ultraleichtes-zwei-Personen-Zelt-Telemark-2-LW-2-400x275.jpg 400w, https:\/\/www.traveltelling.net\/wp-content\/uploads\/2018\/09\/Ultraleichtes-zwei-Personen-Zelt-Telemark-2-LW-2-600x413.jpg 600w, https:\/\/www.traveltelling.net\/wp-content\/uploads\/2018\/09\/Ultraleichtes-zwei-Personen-Zelt-Telemark-2-LW-2-800x550.jpg 800w, https:\/\/www.traveltelling.net\/wp-content\/uploads\/2018\/09\/Ultraleichtes-zwei-Personen-Zelt-Telemark-2-LW-2-1200x825.jpg 1200w, https:\/\/www.traveltelling.net\/wp-content\/uploads\/2018\/09\/Ultraleichtes-zwei-Personen-Zelt-Telemark-2-LW-2-1536x1056.jpg 1536w, https:\/\/www.traveltelling.net\/wp-content\/uploads\/2018\/09\/Ultraleichtes-zwei-Personen-Zelt-Telemark-2-LW-2.jpg 1745w\" data-sizes=\"auto\" data-orig-sizes=\"(max-width: 1745px) 100vw, 1745px\" \/><p id=\"caption-attachment-13515\" class=\"wp-caption-text\">950 gr. und 14&#215;21 cm Packma\u00df. Extra Footprint (390 gr. bereits drinnen verpackt)<\/p><\/div>\n<div id=\"attachment_13501\" style=\"width: 1497px\" class=\"wp-caption aligncenter\"><img decoding=\"async\" aria-describedby=\"caption-attachment-13501\" class=\"lazyload wp-image-13501 size-full\" src=\"https:\/\/www.traveltelling.net\/wp-content\/uploads\/2018\/09\/Nordisk-Telemark-2-LW-Testbericht-2-1.jpg\" data-orig-src=\"https:\/\/www.traveltelling.net\/wp-content\/uploads\/2018\/09\/Nordisk-Telemark-2-LW-Testbericht-2-1.jpg\" alt=\"Ultraleichtes Zelt: Nordisk Telemark 2 LW Testbericht\" width=\"1487\" height=\"961\" srcset=\"data:image\/svg+xml,%3Csvg%20xmlns%3D%27http%3A%2F%2Fwww.w3.org%2F2000%2Fsvg%27%20width%3D%271487%27%20height%3D%27961%27%20viewBox%3D%270%200%201487%20961%27%3E%3Crect%20width%3D%271487%27%20height%3D%27961%27%20fill-opacity%3D%220%22%2F%3E%3C%2Fsvg%3E\" data-srcset=\"https:\/\/www.traveltelling.net\/wp-content\/uploads\/2018\/09\/Nordisk-Telemark-2-LW-Testbericht-2-1-200x129.jpg 200w, https:\/\/www.traveltelling.net\/wp-content\/uploads\/2018\/09\/Nordisk-Telemark-2-LW-Testbericht-2-1-400x259.jpg 400w, https:\/\/www.traveltelling.net\/wp-content\/uploads\/2018\/09\/Nordisk-Telemark-2-LW-Testbericht-2-1-600x388.jpg 600w, https:\/\/www.traveltelling.net\/wp-content\/uploads\/2018\/09\/Nordisk-Telemark-2-LW-Testbericht-2-1-800x517.jpg 800w, https:\/\/www.traveltelling.net\/wp-content\/uploads\/2018\/09\/Nordisk-Telemark-2-LW-Testbericht-2-1-1200x776.jpg 1200w, https:\/\/www.traveltelling.net\/wp-content\/uploads\/2018\/09\/Nordisk-Telemark-2-LW-Testbericht-2-1.jpg 1487w\" data-sizes=\"auto\" data-orig-sizes=\"(max-width: 1487px) 100vw, 1487px\" \/><p id=\"caption-attachment-13501\" class=\"wp-caption-text\">&#8230;mit Footprint (390 gr.) oben links<\/p><\/div>\n<h2><strong>Daten &amp; Material: <\/strong><\/h2>\n<p>Besonderheiten: Innenzelt mit Au\u00dfenzelt durch elastische Ringe verbunden, beidseitig und dreilagig mit Silikon beschichtetes Au\u00dfenzelt, DAC Featherlite NSL (8mm), 3 Ventilations\u00f6ffnungen<br \/>\nWassers\u00e4ule: PU-beschichteter Boden mit 8.000mm, Au\u00dfenzelt mit 2.000mm<br \/>\nMaterial: 100% Polyamid, 10D, Ripstop<br \/>\nGr\u00f6\u00dfe Innenzelt (LxBxH) : 220 x 135 x 100 cm<br \/>\nKonstruktion: Rip Stop<br \/>\nPackma\u00df: 41 x 12cm<br \/>\nGewicht : 950 g<br \/>\nFarben: Forest Green und Burnt Red<\/p>\n<div id=\"attachment_13523\" style=\"width: 1088px\" class=\"wp-caption alignleft\"><img decoding=\"async\" aria-describedby=\"caption-attachment-13523\" class=\"lazyload wp-image-13523 size-full\" src=\"https:\/\/www.traveltelling.net\/wp-content\/uploads\/2018\/09\/Ma\u00dfe-Nordisk-Telemark-2-LW.png\" data-orig-src=\"https:\/\/www.traveltelling.net\/wp-content\/uploads\/2018\/09\/Ma\u00dfe-Nordisk-Telemark-2-LW.png\" alt=\"Ma\u00dfe Nordisk Telemark 2 LW\" width=\"1078\" height=\"1412\" srcset=\"data:image\/svg+xml,%3Csvg%20xmlns%3D%27http%3A%2F%2Fwww.w3.org%2F2000%2Fsvg%27%20width%3D%271078%27%20height%3D%271412%27%20viewBox%3D%270%200%201078%201412%27%3E%3Crect%20width%3D%271078%27%20height%3D%271412%27%20fill-opacity%3D%220%22%2F%3E%3C%2Fsvg%3E\" data-srcset=\"https:\/\/www.traveltelling.net\/wp-content\/uploads\/2018\/09\/Ma\u00dfe-Nordisk-Telemark-2-LW-200x262.png 200w, https:\/\/www.traveltelling.net\/wp-content\/uploads\/2018\/09\/Ma\u00dfe-Nordisk-Telemark-2-LW-400x524.png 400w, https:\/\/www.traveltelling.net\/wp-content\/uploads\/2018\/09\/Ma\u00dfe-Nordisk-Telemark-2-LW-600x786.png 600w, https:\/\/www.traveltelling.net\/wp-content\/uploads\/2018\/09\/Ma\u00dfe-Nordisk-Telemark-2-LW-800x1048.png 800w, https:\/\/www.traveltelling.net\/wp-content\/uploads\/2018\/09\/Ma\u00dfe-Nordisk-Telemark-2-LW.png 1078w\" data-sizes=\"auto\" data-orig-sizes=\"(max-width: 1078px) 100vw, 1078px\" \/><p id=\"caption-attachment-13523\" class=\"wp-caption-text\">Screenshot von Nordisk.eu<\/p><\/div>\n<h2><strong>Auf- und Abbau<\/strong><\/h2>\n<p>Da ich lieber auf Nummer sicher gehen m\u00f6chte, benutze ich das Telemark 2 LW in Verbindung mit dem dazugeh\u00f6rigen Footprint (390 g, 18x24x2 cm). Auslegung und Befestigung des Footprints dauert gerade mal 1-2 Minuten. Der Aufbau des Zelts dann nochmal um die f\u00fcnf Minuten. Alustange durch die daf\u00fcr vorgesehene Tasche stecken, spannen und Heringe befestigen \u2013 mehr nicht. Die Alustangen an den Enden kann man \u00fcbrigens herausziehen, zusammenstecken und auch als Vordach herrichten. Der Abbau geht genauso einfach und dauert nichtmal f\u00fcnf Minuten.<\/p>\n<div id=\"attachment_13278\" style=\"width: 4010px\" class=\"wp-caption aligncenter\"><img decoding=\"async\" aria-describedby=\"caption-attachment-13278\" class=\"lazyload wp-image-13278 size-full\" src=\"data:image\/svg+xml,%3Csvg%20xmlns%3D%27http%3A%2F%2Fwww.w3.org%2F2000%2Fsvg%27%20width%3D%274000%27%20height%3D%273000%27%20viewBox%3D%270%200%204000%203000%27%3E%3Crect%20width%3D%274000%27%20height%3D%273000%27%20fill-opacity%3D%220%22%2F%3E%3C%2Fsvg%3E\" data-orig-src=\"https:\/\/www.traveltelling.net\/wp-content\/uploads\/2018\/08\/Nordisk-Telemark-2LW-Test-Erfahrungsbericht-4.jpg\" alt=\"Telemark 2 LW Test und Erfahrungsbericht\" width=\"4000\" height=\"3000\" \/><p id=\"caption-attachment-13278\" class=\"wp-caption-text\">Nordisk Telemark 2 LW: Bester Kompromiss zwischen Gewicht, Packma\u00df und Komfort<\/p><\/div>\n<h2><strong>Komfort und Platz 1 vs. 2 Personen<\/strong><\/h2>\n<p>Gerade wenn ich alleine unterwegs bin, ist es sehr gem\u00fctlich und ich habe innen ausreichend Platz um alle Viere von mir zu strecken und Klamotten, Lenkertasche und ein paar andere Dinge zu verstauen. Ein Wanderrucksack (40 l) h\u00e4tte auch noch Platz. Mit 1,82 m kann ich sogar aufrecht drin sitzen. Auch im Vorzelt befindet sich ausreichend Platz f\u00fcr vier bis acht Radtaschen und Schuhe. Wenn man zu zweit Zelten m\u00f6chte, kann es jedoch eng werden. Je nachdem welche Isomatten und K\u00f6rpergr\u00f6\u00dfe man hat. Zwar kann man die Gr\u00f6\u00dfe der Innenkabine verstellen, dennoch passen unsere Isomatten, Thermarest Pro Lite Plus Large bzw. SeaToSummit Ultra Light Insoulated Large mit 63 cm und Thermarest Pro Lite Plus Damenvariante mit 51cm Breite gerade so nebeneinander rein, lappen aber trotzdem \u00fcbereinander. Als P\u00e4rchen ist es schon ok und am Ende die beste L\u00f6sung zwischen leichten Packma\u00df und Komfort. (Tipp: Entweder zwei bis 55 cm breite Isomatten oder zwei Evazote-Schaum Isomatten f\u00fcr je \u20ac 20 zum Beispiel bei Globetrotter kaufen und passend zurechtschneiden). Der \u00e4u\u00dfere Stauraum wird durch die Vergr\u00f6\u00dferung des Innenzeltes nat\u00fcrlich kleiner, trotzdem ist noch Platz f\u00fcr vier Radtaschen.<\/p>\n<div id=\"attachment_13274\" style=\"width: 4010px\" class=\"wp-caption aligncenter\"><img decoding=\"async\" aria-describedby=\"caption-attachment-13274\" class=\"lazyload wp-image-13274 size-full\" src=\"data:image\/svg+xml,%3Csvg%20xmlns%3D%27http%3A%2F%2Fwww.w3.org%2F2000%2Fsvg%27%20width%3D%274000%27%20height%3D%273000%27%20viewBox%3D%270%200%204000%203000%27%3E%3Crect%20width%3D%274000%27%20height%3D%273000%27%20fill-opacity%3D%220%22%2F%3E%3C%2Fsvg%3E\" data-orig-src=\"https:\/\/www.traveltelling.net\/wp-content\/uploads\/2018\/08\/Nordisk-Telemark-2LW-Test-Erfahrungsbericht-3.jpg\" alt=\"Telemark 2 LW Test und Erfahrungsbericht\" width=\"4000\" height=\"3000\" \/><p id=\"caption-attachment-13274\" class=\"wp-caption-text\">Genug Platz f\u00fcr den Rucksack oder die Radtaschen<\/p><\/div>\n<div id=\"attachment_13493\" style=\"width: 2147px\" class=\"wp-caption aligncenter\"><img decoding=\"async\" aria-describedby=\"caption-attachment-13493\" class=\"lazyload wp-image-13493 size-full\" src=\"https:\/\/www.traveltelling.net\/wp-content\/uploads\/2018\/09\/Telemark-2-LW-Testbericht-8.jpg\" data-orig-src=\"https:\/\/www.traveltelling.net\/wp-content\/uploads\/2018\/09\/Telemark-2-LW-Testbericht-8.jpg\" alt=\"Ultraleichtes Zelt: Nordisk Telemark 2 LW Testbericht \" width=\"2137\" height=\"1200\" srcset=\"data:image\/svg+xml,%3Csvg%20xmlns%3D%27http%3A%2F%2Fwww.w3.org%2F2000%2Fsvg%27%20width%3D%272137%27%20height%3D%271200%27%20viewBox%3D%270%200%202137%201200%27%3E%3Crect%20width%3D%272137%27%20height%3D%271200%27%20fill-opacity%3D%220%22%2F%3E%3C%2Fsvg%3E\" data-srcset=\"https:\/\/www.traveltelling.net\/wp-content\/uploads\/2018\/09\/Telemark-2-LW-Testbericht-8-200x112.jpg 200w, https:\/\/www.traveltelling.net\/wp-content\/uploads\/2018\/09\/Telemark-2-LW-Testbericht-8-400x225.jpg 400w, https:\/\/www.traveltelling.net\/wp-content\/uploads\/2018\/09\/Telemark-2-LW-Testbericht-8-600x337.jpg 600w, https:\/\/www.traveltelling.net\/wp-content\/uploads\/2018\/09\/Telemark-2-LW-Testbericht-8-800x449.jpg 800w, https:\/\/www.traveltelling.net\/wp-content\/uploads\/2018\/09\/Telemark-2-LW-Testbericht-8-1200x674.jpg 1200w, https:\/\/www.traveltelling.net\/wp-content\/uploads\/2018\/09\/Telemark-2-LW-Testbericht-8-1536x863.jpg 1536w, https:\/\/www.traveltelling.net\/wp-content\/uploads\/2018\/09\/Telemark-2-LW-Testbericht-8.jpg 2137w\" data-sizes=\"auto\" data-orig-sizes=\"(max-width: 2137px) 100vw, 2137px\" \/><p id=\"caption-attachment-13493\" class=\"wp-caption-text\">Hier\u00fcber verstellt man die Gr\u00f6\u00dfe der Innenkabine<\/p><\/div>\n<div id=\"attachment_13485\" style=\"width: 2147px\" class=\"wp-caption aligncenter\"><img decoding=\"async\" aria-describedby=\"caption-attachment-13485\" class=\"lazyload wp-image-13485 size-full\" src=\"https:\/\/www.traveltelling.net\/wp-content\/uploads\/2018\/09\/Telemark-2-LW-Testbericht-4.jpg\" data-orig-src=\"https:\/\/www.traveltelling.net\/wp-content\/uploads\/2018\/09\/Telemark-2-LW-Testbericht-4.jpg\" alt=\"\" width=\"2137\" height=\"1200\" srcset=\"data:image\/svg+xml,%3Csvg%20xmlns%3D%27http%3A%2F%2Fwww.w3.org%2F2000%2Fsvg%27%20width%3D%272137%27%20height%3D%271200%27%20viewBox%3D%270%200%202137%201200%27%3E%3Crect%20width%3D%272137%27%20height%3D%271200%27%20fill-opacity%3D%220%22%2F%3E%3C%2Fsvg%3E\" data-srcset=\"https:\/\/www.traveltelling.net\/wp-content\/uploads\/2018\/09\/Telemark-2-LW-Testbericht-4-200x112.jpg 200w, https:\/\/www.traveltelling.net\/wp-content\/uploads\/2018\/09\/Telemark-2-LW-Testbericht-4-400x225.jpg 400w, https:\/\/www.traveltelling.net\/wp-content\/uploads\/2018\/09\/Telemark-2-LW-Testbericht-4-600x337.jpg 600w, https:\/\/www.traveltelling.net\/wp-content\/uploads\/2018\/09\/Telemark-2-LW-Testbericht-4-800x449.jpg 800w, https:\/\/www.traveltelling.net\/wp-content\/uploads\/2018\/09\/Telemark-2-LW-Testbericht-4-1200x674.jpg 1200w, https:\/\/www.traveltelling.net\/wp-content\/uploads\/2018\/09\/Telemark-2-LW-Testbericht-4-1536x863.jpg 1536w, https:\/\/www.traveltelling.net\/wp-content\/uploads\/2018\/09\/Telemark-2-LW-Testbericht-4.jpg 2137w\" data-sizes=\"auto\" data-orig-sizes=\"(max-width: 2137px) 100vw, 2137px\" \/><p id=\"caption-attachment-13485\" class=\"wp-caption-text\">Ein wenig eng mit 63cm + 51cm Isomatte<\/p><\/div>\n<div id=\"attachment_13487\" style=\"width: 1210px\" class=\"wp-caption aligncenter\"><img decoding=\"async\" aria-describedby=\"caption-attachment-13487\" class=\"lazyload wp-image-13487 size-full\" src=\"https:\/\/www.traveltelling.net\/wp-content\/uploads\/2018\/09\/Telemark-2-LW-Testbericht-5.jpg\" data-orig-src=\"https:\/\/www.traveltelling.net\/wp-content\/uploads\/2018\/09\/Telemark-2-LW-Testbericht-5.jpg\" alt=\"Ultraleichtes Zelt: Nordisk Telemark 2 LW Testbericht\" width=\"1200\" height=\"2137\" srcset=\"data:image\/svg+xml,%3Csvg%20xmlns%3D%27http%3A%2F%2Fwww.w3.org%2F2000%2Fsvg%27%20width%3D%271200%27%20height%3D%272137%27%20viewBox%3D%270%200%201200%202137%27%3E%3Crect%20width%3D%271200%27%20height%3D%272137%27%20fill-opacity%3D%220%22%2F%3E%3C%2Fsvg%3E\" data-srcset=\"https:\/\/www.traveltelling.net\/wp-content\/uploads\/2018\/09\/Telemark-2-LW-Testbericht-5-200x356.jpg 200w, https:\/\/www.traveltelling.net\/wp-content\/uploads\/2018\/09\/Telemark-2-LW-Testbericht-5-400x712.jpg 400w, https:\/\/www.traveltelling.net\/wp-content\/uploads\/2018\/09\/Telemark-2-LW-Testbericht-5-600x1069.jpg 600w, https:\/\/www.traveltelling.net\/wp-content\/uploads\/2018\/09\/Telemark-2-LW-Testbericht-5-800x1425.jpg 800w, https:\/\/www.traveltelling.net\/wp-content\/uploads\/2018\/09\/Telemark-2-LW-Testbericht-5-863x1536.jpg 863w, https:\/\/www.traveltelling.net\/wp-content\/uploads\/2018\/09\/Telemark-2-LW-Testbericht-5-1150x2048.jpg 1150w, https:\/\/www.traveltelling.net\/wp-content\/uploads\/2018\/09\/Telemark-2-LW-Testbericht-5.jpg 1200w\" data-sizes=\"auto\" data-orig-sizes=\"(max-width: 1200px) 100vw, 1200px\" \/><p id=\"caption-attachment-13487\" class=\"wp-caption-text\">Genug Patz f\u00fcr vier Radtaschen bei Nutzung von zwei Personen<\/p><\/div>\n<h2><strong>Stabilit\u00e4t &amp; Wasserdichte<\/strong><\/h2>\n<p>Was beim Telemark 2 LW besonders praktisch ist, sind die Gummiz\u00fcge, die die innere Kabine mit dem Au\u00dfenzelt verbinden. Durch die Elastizit\u00e4t dehnt und rei\u00dft es weniger schnell. Eine sehr tolle L\u00f6sung, wie ich finde. Gerade wegen der ultraleichten Verarbeitung sollte man dennoch auf sein Zelt Acht geben, es immer wieder gut und sorgf\u00e4ltig verpacken, trocknen lassen und vorsichtig mit den sehr leichten Alustangen umgehen. Das Telemark 2 LW\u00a0\u00dcberzelt hat eine Wasserdichte von 2000 mm, der Innenzeltboden von 8000 mm. Eine Sache, die ich erst lernen musste ist, dass es enorm wichtig ist, das Au\u00dfenzelt richtig fest zu spannen wenn es regnet, da es sonst durchh\u00e4ngt, N\u00e4sse ins Innenzelt eindringt, und so Schlafsack und Zeltboden nass werden.<\/p>\n<div id=\"attachment_13489\" style=\"width: 1210px\" class=\"wp-caption aligncenter\"><img decoding=\"async\" aria-describedby=\"caption-attachment-13489\" class=\"lazyload wp-image-13489 size-full\" src=\"https:\/\/www.traveltelling.net\/wp-content\/uploads\/2018\/09\/Telemark-2-LW-Testbericht-6.jpg\" data-orig-src=\"https:\/\/www.traveltelling.net\/wp-content\/uploads\/2018\/09\/Telemark-2-LW-Testbericht-6.jpg\" alt=\"Ultraleichtes Zelt: Nordisk Telemark 2 LW Testbericht \" width=\"1200\" height=\"2137\" srcset=\"data:image\/svg+xml,%3Csvg%20xmlns%3D%27http%3A%2F%2Fwww.w3.org%2F2000%2Fsvg%27%20width%3D%271200%27%20height%3D%272137%27%20viewBox%3D%270%200%201200%202137%27%3E%3Crect%20width%3D%271200%27%20height%3D%272137%27%20fill-opacity%3D%220%22%2F%3E%3C%2Fsvg%3E\" data-srcset=\"https:\/\/www.traveltelling.net\/wp-content\/uploads\/2018\/09\/Telemark-2-LW-Testbericht-6-200x356.jpg 200w, https:\/\/www.traveltelling.net\/wp-content\/uploads\/2018\/09\/Telemark-2-LW-Testbericht-6-400x712.jpg 400w, https:\/\/www.traveltelling.net\/wp-content\/uploads\/2018\/09\/Telemark-2-LW-Testbericht-6-600x1069.jpg 600w, https:\/\/www.traveltelling.net\/wp-content\/uploads\/2018\/09\/Telemark-2-LW-Testbericht-6-800x1425.jpg 800w, https:\/\/www.traveltelling.net\/wp-content\/uploads\/2018\/09\/Telemark-2-LW-Testbericht-6-863x1536.jpg 863w, https:\/\/www.traveltelling.net\/wp-content\/uploads\/2018\/09\/Telemark-2-LW-Testbericht-6-1150x2048.jpg 1150w, https:\/\/www.traveltelling.net\/wp-content\/uploads\/2018\/09\/Telemark-2-LW-Testbericht-6.jpg 1200w\" data-sizes=\"auto\" data-orig-sizes=\"(max-width: 1200px) 100vw, 1200px\" \/><p id=\"caption-attachment-13489\" class=\"wp-caption-text\">WICHTIGER TIPP: Straff spannen, damit es innen nicht feucht wird bei Regen!<\/p><\/div>\n<div id=\"attachment_13495\" style=\"width: 1610px\" class=\"wp-caption aligncenter\"><img decoding=\"async\" aria-describedby=\"caption-attachment-13495\" class=\"lazyload wp-image-13495 size-full\" src=\"https:\/\/www.traveltelling.net\/wp-content\/uploads\/2018\/09\/Telemark-2-LW-Testbericht-1.jpg\" data-orig-src=\"https:\/\/www.traveltelling.net\/wp-content\/uploads\/2018\/09\/Telemark-2-LW-Testbericht-1.jpg\" alt=\"Ultraleichtes Zelt: Nordisk Telemark 2 LW Testbericht\" width=\"1600\" height=\"1200\" srcset=\"data:image\/svg+xml,%3Csvg%20xmlns%3D%27http%3A%2F%2Fwww.w3.org%2F2000%2Fsvg%27%20width%3D%271600%27%20height%3D%271200%27%20viewBox%3D%270%200%201600%201200%27%3E%3Crect%20width%3D%271600%27%20height%3D%271200%27%20fill-opacity%3D%220%22%2F%3E%3C%2Fsvg%3E\" data-srcset=\"https:\/\/www.traveltelling.net\/wp-content\/uploads\/2018\/09\/Telemark-2-LW-Testbericht-1-200x150.jpg 200w, https:\/\/www.traveltelling.net\/wp-content\/uploads\/2018\/09\/Telemark-2-LW-Testbericht-1-400x300.jpg 400w, https:\/\/www.traveltelling.net\/wp-content\/uploads\/2018\/09\/Telemark-2-LW-Testbericht-1-600x450.jpg 600w, https:\/\/www.traveltelling.net\/wp-content\/uploads\/2018\/09\/Telemark-2-LW-Testbericht-1-800x600.jpg 800w, https:\/\/www.traveltelling.net\/wp-content\/uploads\/2018\/09\/Telemark-2-LW-Testbericht-1-1200x900.jpg 1200w, https:\/\/www.traveltelling.net\/wp-content\/uploads\/2018\/09\/Telemark-2-LW-Testbericht-1-1536x1152.jpg 1536w, https:\/\/www.traveltelling.net\/wp-content\/uploads\/2018\/09\/Telemark-2-LW-Testbericht-1.jpg 1600w\" data-sizes=\"auto\" data-orig-sizes=\"(max-width: 1600px) 100vw, 1600px\" \/><p id=\"caption-attachment-13495\" class=\"wp-caption-text\">Super gem\u00fctlich und auch gut zum drin sitzen!<\/p><\/div>\n<div id=\"attachment_13280\" style=\"width: 4170px\" class=\"wp-caption aligncenter\"><img decoding=\"async\" aria-describedby=\"caption-attachment-13280\" class=\"lazyload wp-image-13280 size-full\" src=\"data:image\/svg+xml,%3Csvg%20xmlns%3D%27http%3A%2F%2Fwww.w3.org%2F2000%2Fsvg%27%20width%3D%274160%27%20height%3D%272336%27%20viewBox%3D%270%200%204160%202336%27%3E%3Crect%20width%3D%274160%27%20height%3D%272336%27%20fill-opacity%3D%220%22%2F%3E%3C%2Fsvg%3E\" data-orig-src=\"https:\/\/www.traveltelling.net\/wp-content\/uploads\/2018\/08\/Nordisk-Telemark-2LW-Test-Erfahrungsbericht-5.jpg\" alt=\"Wasserdichte Telemark 2 LW Nordisk\" width=\"4160\" height=\"2336\" \/><p id=\"caption-attachment-13280\" class=\"wp-caption-text\">WICHTIGER TIPP: Au\u00dfen unbedingt straff spannen. Sonst kann es schon mal nass werden!<\/p><\/div>\n<h2><strong>Kleine Sch\u00f6nheitsfehler des Telemark 2 LW<\/strong><\/h2>\n<p>Das Innenzelt h\u00e4ngt im Fussbereich ein wenig durch und die Zeltspannung l\u00e4sst nach einiger Zeit leicht nach. Also, falls Regen gemeldet ist, unbedingt vor dem schlafen gehen an den Enden das Zelt straff ziehen, dann ist alles fein! W\u00e4re die Innenkabine 20 cm breiter w\u00e4re es f\u00fcr zwei Personen komfortabler. Je nach K\u00f6rpergr\u00f6\u00dfe kann es schon mal eng werden (wir 1,82 und 1,68). Ich denke, anstatt einer, w\u00fcrden zwei Spanngurt-Klincken\/Zeltt\u00fcrbefestigungen mehr Komfort und eine bessere Sicht erlauben \u2013 auch f\u00fcr sch\u00f6ne Fotos. Momentan h\u00e4ngt es ein wenig wie ein Vorhang rechts und links herunter, der in der Mitte getragen wird.<\/p>\n<p><img decoding=\"async\" class=\"lazyload aligncenter size-full wp-image-13491\" src=\"https:\/\/www.traveltelling.net\/wp-content\/uploads\/2018\/09\/Telemark-2-LW-Testbericht-7.jpg\" data-orig-src=\"https:\/\/www.traveltelling.net\/wp-content\/uploads\/2018\/09\/Telemark-2-LW-Testbericht-7.jpg\" alt=\"Ultraleichtes Zelt: Nordisk Telemark 2 LW Testbericht \" width=\"2137\" height=\"1200\" srcset=\"data:image\/svg+xml,%3Csvg%20xmlns%3D%27http%3A%2F%2Fwww.w3.org%2F2000%2Fsvg%27%20width%3D%272137%27%20height%3D%271200%27%20viewBox%3D%270%200%202137%201200%27%3E%3Crect%20width%3D%272137%27%20height%3D%271200%27%20fill-opacity%3D%220%22%2F%3E%3C%2Fsvg%3E\" data-srcset=\"https:\/\/www.traveltelling.net\/wp-content\/uploads\/2018\/09\/Telemark-2-LW-Testbericht-7-200x112.jpg 200w, https:\/\/www.traveltelling.net\/wp-content\/uploads\/2018\/09\/Telemark-2-LW-Testbericht-7-400x225.jpg 400w, https:\/\/www.traveltelling.net\/wp-content\/uploads\/2018\/09\/Telemark-2-LW-Testbericht-7-600x337.jpg 600w, https:\/\/www.traveltelling.net\/wp-content\/uploads\/2018\/09\/Telemark-2-LW-Testbericht-7-800x449.jpg 800w, https:\/\/www.traveltelling.net\/wp-content\/uploads\/2018\/09\/Telemark-2-LW-Testbericht-7-1200x674.jpg 1200w, https:\/\/www.traveltelling.net\/wp-content\/uploads\/2018\/09\/Telemark-2-LW-Testbericht-7-1536x863.jpg 1536w, https:\/\/www.traveltelling.net\/wp-content\/uploads\/2018\/09\/Telemark-2-LW-Testbericht-7.jpg 2137w\" data-sizes=\"auto\" data-orig-sizes=\"(max-width: 2137px) 100vw, 2137px\" \/><\/p>\n<h2><strong>Fazit: Kaufen &#8211; Ja oder Nein?<\/strong><\/h2>\n<p>Alles in allem bin ich aber total zufrieden und kann ich das Telemark 2 LW AUF JEDEN FALL weiterempfehlen. Es ist so wahnsinnig leicht, klein im Packma\u00df und deshalb super einfach zu tarnsportieren! Gerade f\u00fcr diejenigen, die viel alleine (sehr komfortabel mit ausreichend Platz) oder aber auch hin und wieder zu zweit (als P\u00e4rchen) unterwegs sind. Mit ca. \u20ac 470 kostet es in etwa so viel wie unser Muttha Hubba NX 3, welches zwar gr\u00f6\u00dfer und somit f\u00fcr zwei Personen komfortabler ist, aber daf\u00fcr auch 2,5-mal so viel wiegt. Ein direkter Konkurrent w\u00e4re evtl. noch das MSR Freelite 2, welches allerdings mit 1400 g auch gleich mal wieder 450 g mehr wiegt. Mit dem Telemark 2 LW ist Nordisk also eine optimale Kombination aus Packma\u00df und Komfort gelungen. Selbst in bzw. an meinem Rucksack ist es leicht und platzsparend zu verstauen.<\/p>\n<p>Hier gibt&#8217;s noch zwei hilfreiche Videos des Nordisk Telemark 2:<\/p>\n<p><iframe class=\"fusion-hidden\" data-privacy-type=\"youtube\" src=\"\" data-privacy-src=\"https:\/\/www.youtube.com\/embed\/MNWQbLBO78U\" width=\"560\" height=\"315\" frameborder=\"0\" allowfullscreen=\"allowfullscreen\"><\/iframe><div class=\"fusion-privacy-placeholder\" style=\"width:560px; height:315px;\" data-privacy-type=\"youtube\"><div class=\"fusion-privacy-placeholder-content\"><div class=\"fusion-privacy-label\">Aus datenschutzrechtlichen Gr\u00fcnden ben\u00f6tigt YouTube Ihre Einwilligung um geladen zu werden.<\/div><button data-privacy-type=\"youtube\" class=\"fusion-button button-default fusion-button-default-size button fusion-privacy-consent\">Akzeptieren<\/button><\/div><\/div><br \/>\n<iframe class=\"fusion-hidden\" data-privacy-type=\"youtube\" src=\"\" data-privacy-src=\"https:\/\/www.youtube.com\/embed\/5K9BBzPepuw\" width=\"560\" height=\"315\" frameborder=\"0\" allowfullscreen=\"allowfullscreen\"><\/iframe><div class=\"fusion-privacy-placeholder\" style=\"width:560px; height:315px;\" data-privacy-type=\"youtube\"><div class=\"fusion-privacy-placeholder-content\"><div class=\"fusion-privacy-label\">Aus datenschutzrechtlichen Gr\u00fcnden ben\u00f6tigt YouTube Ihre Einwilligung um geladen zu werden.<\/div><button data-privacy-type=\"youtube\" class=\"fusion-button button-default fusion-button-default-size button fusion-privacy-consent\">Akzeptieren<\/button><\/div><\/div><\/p>\n<p><em>Transparenzhinweis: Vielen Dank an dieser Stelle nochmal an Nicole und Udo von Nordisk, die mir das Telemark 2 LW Zelt, auf meine Nachfrage hin<\/em> <em>zum Testen und Berichten zur Verf\u00fcgung gestellt haben.<\/em><\/p>\n<h1 style=\"text-align: center;\">Auf Pinterest!? Pin it! ;-)<\/h1>\n<p><img decoding=\"async\" class=\"lazyload aligncenter size-full wp-image-13517\" src=\"https:\/\/www.traveltelling.net\/wp-content\/uploads\/2018\/09\/Getetstet_-Telemark-2-LW-2.jpg\" data-orig-src=\"https:\/\/www.traveltelling.net\/wp-content\/uploads\/2018\/09\/Getetstet_-Telemark-2-LW-2.jpg\" alt=\"Getetstet: Ultraleichtes 2 Personen Zelt von Nordisk -Telemark 2 LW\" width=\"735\" height=\"1102\" srcset=\"data:image\/svg+xml,%3Csvg%20xmlns%3D%27http%3A%2F%2Fwww.w3.org%2F2000%2Fsvg%27%20width%3D%27735%27%20height%3D%271102%27%20viewBox%3D%270%200%20735%201102%27%3E%3Crect%20width%3D%27735%27%20height%3D%271102%27%20fill-opacity%3D%220%22%2F%3E%3C%2Fsvg%3E\" data-srcset=\"https:\/\/www.traveltelling.net\/wp-content\/uploads\/2018\/09\/Getetstet_-Telemark-2-LW-2-200x300.jpg 200w, https:\/\/www.traveltelling.net\/wp-content\/uploads\/2018\/09\/Getetstet_-Telemark-2-LW-2-400x600.jpg 400w, https:\/\/www.traveltelling.net\/wp-content\/uploads\/2018\/09\/Getetstet_-Telemark-2-LW-2-600x900.jpg 600w, https:\/\/www.traveltelling.net\/wp-content\/uploads\/2018\/09\/Getetstet_-Telemark-2-LW-2.jpg 735w\" data-sizes=\"auto\" data-orig-sizes=\"(max-width: 735px) 100vw, 735px\" \/><\/p>\n","protected":false},"excerpt":{"rendered":"<p> <a href=\"https:\/\/www.traveltelling.net\/de\/testbericht-bestes-2-personen-zelt-telemark-2lw-von-nordisk\/\"> Weiterlesen<\/a><\/p>\n","protected":false},"author":4,"featured_media":13519,"comment_status":"open","ping_status":"open","sticky":false,"template":"","format":"standard","meta":{"footnotes":""},"categories":[868],"tags":[859,937,947],"class_list":["post-13197","post","type-post","status-publish","format-standard","has-post-thumbnail","hentry","category-reisetipps","tag-donauradweg","tag-radreise","tag-wandern"],"yoast_head":"<!-- This site is optimized with the Yoast SEO plugin v27.4 - https:\/\/yoast.com\/product\/yoast-seo-wordpress\/ -->\n<title>Testbericht Telemark 2 LW: Das beste ultraleichte 2 Personen Zelt<\/title>\n<meta name=\"description\" content=\"Ein Leichtgewicht unter den Zelten f\u00fcr Radreisen und Wandern. Leichter, kleiner, komfortabler kaum m\u00f6glich. Ich habe das Telemark 2 LW ausf\u00fchrlich getestet.\" \/>\n<meta name=\"robots\" content=\"index, follow, max-snippet:-1, max-image-preview:large, max-video-preview:-1\" \/>\n<link rel=\"canonical\" href=\"https:\/\/www.traveltelling.net\/de\/testbericht-bestes-2-personen-zelt-telemark-2lw-von-nordisk\/\" \/>\n<meta property=\"og:locale\" content=\"de_DE\" \/>\n<meta property=\"og:type\" content=\"article\" \/>\n<meta property=\"og:title\" content=\"Telemark 2 LW: Leichter, kleiner und komfortabler kaum m\u00f6glich!\" \/>\n<meta property=\"og:description\" content=\"Dieses Jahr habe ich eines der leichtesten 2 Personen Zelte der Welt getestet. Lohnt sich die Anschaffung?\" \/>\n<meta property=\"og:url\" content=\"https:\/\/www.traveltelling.net\/de\/testbericht-bestes-2-personen-zelt-telemark-2lw-von-nordisk\/\" \/>\n<meta property=\"og:site_name\" content=\"TravelTelling\" \/>\n<meta property=\"article:publisher\" content=\"https:\/\/www.facebook.com\/traveltelling\" \/>\n<meta property=\"article:author\" content=\"https:\/\/www.facebook.com\/traveltelling\" \/>\n<meta property=\"article:published_time\" content=\"2018-09-28T06:45:55+00:00\" \/>\n<meta property=\"article:modified_time\" content=\"2025-08-28T09:30:42+00:00\" \/>\n<meta property=\"og:image\" content=\"https:\/\/www.traveltelling.net\/wp-content\/uploads\/2018\/09\/Getetstet_-Telemark-2-LW-1-2.jpg\" \/>\n\t<meta property=\"og:image:width\" content=\"1200\" \/>\n\t<meta property=\"og:image:height\" content=\"630\" \/>\n\t<meta property=\"og:image:type\" content=\"image\/jpeg\" \/>\n<meta name=\"author\" content=\"Matthias\" \/>\n<meta name=\"twitter:card\" content=\"summary_large_image\" \/>\n<meta name=\"twitter:creator\" content=\"@traveltelling\" \/>\n<meta name=\"twitter:site\" content=\"@traveltelling\" \/>\n<meta name=\"twitter:label1\" content=\"Verfasst von\" \/>\n\t<meta name=\"twitter:data1\" content=\"Matthias\" \/>\n\t<meta name=\"twitter:label2\" content=\"Gesch\u00e4tzte Lesezeit\" \/>\n\t<meta name=\"twitter:data2\" content=\"11\u00a0Minuten\" \/>\n<script type=\"application\/ld+json\" class=\"yoast-schema-graph\">{\"@context\":\"https:\\\/\\\/schema.org\",\"@graph\":[{\"@type\":\"Article\",\"@id\":\"https:\\\/\\\/www.traveltelling.net\\\/de\\\/testbericht-bestes-2-personen-zelt-telemark-2lw-von-nordisk\\\/#article\",\"isPartOf\":{\"@id\":\"https:\\\/\\\/www.traveltelling.net\\\/de\\\/testbericht-bestes-2-personen-zelt-telemark-2lw-von-nordisk\\\/\"},\"author\":{\"name\":\"Matthias\",\"@id\":\"https:\\\/\\\/www.traveltelling.net\\\/de\\\/#\\\/schema\\\/person\\\/7549e44813ea4b392a23e4285b95fac4\"},\"headline\":\"Telemark 2 LW: Leichter, kleiner und komfortabler kaum m\u00f6glich!\",\"datePublished\":\"2018-09-28T06:45:55+00:00\",\"dateModified\":\"2025-08-28T09:30:42+00:00\",\"mainEntityOfPage\":{\"@id\":\"https:\\\/\\\/www.traveltelling.net\\\/de\\\/testbericht-bestes-2-personen-zelt-telemark-2lw-von-nordisk\\\/\"},\"wordCount\":1508,\"commentCount\":0,\"image\":{\"@id\":\"https:\\\/\\\/www.traveltelling.net\\\/de\\\/testbericht-bestes-2-personen-zelt-telemark-2lw-von-nordisk\\\/#primaryimage\"},\"thumbnailUrl\":\"https:\\\/\\\/www.traveltelling.net\\\/wp-content\\\/uploads\\\/2018\\\/09\\\/Getetstet_-Telemark-2-LW-1-2.jpg\",\"keywords\":[\"Donauradweg\",\"Radreise\",\"Wandern\"],\"articleSection\":[\"Reisetipps\"],\"inLanguage\":\"de\",\"potentialAction\":[{\"@type\":\"CommentAction\",\"name\":\"Comment\",\"target\":[\"https:\\\/\\\/www.traveltelling.net\\\/de\\\/testbericht-bestes-2-personen-zelt-telemark-2lw-von-nordisk\\\/#respond\"]}]},{\"@type\":\"WebPage\",\"@id\":\"https:\\\/\\\/www.traveltelling.net\\\/de\\\/testbericht-bestes-2-personen-zelt-telemark-2lw-von-nordisk\\\/\",\"url\":\"https:\\\/\\\/www.traveltelling.net\\\/de\\\/testbericht-bestes-2-personen-zelt-telemark-2lw-von-nordisk\\\/\",\"name\":\"Testbericht Telemark 2 LW: Das beste ultraleichte 2 Personen Zelt\",\"isPartOf\":{\"@id\":\"https:\\\/\\\/www.traveltelling.net\\\/de\\\/#website\"},\"primaryImageOfPage\":{\"@id\":\"https:\\\/\\\/www.traveltelling.net\\\/de\\\/testbericht-bestes-2-personen-zelt-telemark-2lw-von-nordisk\\\/#primaryimage\"},\"image\":{\"@id\":\"https:\\\/\\\/www.traveltelling.net\\\/de\\\/testbericht-bestes-2-personen-zelt-telemark-2lw-von-nordisk\\\/#primaryimage\"},\"thumbnailUrl\":\"https:\\\/\\\/www.traveltelling.net\\\/wp-content\\\/uploads\\\/2018\\\/09\\\/Getetstet_-Telemark-2-LW-1-2.jpg\",\"datePublished\":\"2018-09-28T06:45:55+00:00\",\"dateModified\":\"2025-08-28T09:30:42+00:00\",\"author\":{\"@id\":\"https:\\\/\\\/www.traveltelling.net\\\/de\\\/#\\\/schema\\\/person\\\/7549e44813ea4b392a23e4285b95fac4\"},\"description\":\"Ein Leichtgewicht unter den Zelten f\u00fcr Radreisen und Wandern. Leichter, kleiner, komfortabler kaum m\u00f6glich. Ich habe das Telemark 2 LW ausf\u00fchrlich getestet.\",\"breadcrumb\":{\"@id\":\"https:\\\/\\\/www.traveltelling.net\\\/de\\\/testbericht-bestes-2-personen-zelt-telemark-2lw-von-nordisk\\\/#breadcrumb\"},\"inLanguage\":\"de\",\"potentialAction\":[{\"@type\":\"ReadAction\",\"target\":[\"https:\\\/\\\/www.traveltelling.net\\\/de\\\/testbericht-bestes-2-personen-zelt-telemark-2lw-von-nordisk\\\/\"]}]},{\"@type\":\"ImageObject\",\"inLanguage\":\"de\",\"@id\":\"https:\\\/\\\/www.traveltelling.net\\\/de\\\/testbericht-bestes-2-personen-zelt-telemark-2lw-von-nordisk\\\/#primaryimage\",\"url\":\"https:\\\/\\\/www.traveltelling.net\\\/wp-content\\\/uploads\\\/2018\\\/09\\\/Getetstet_-Telemark-2-LW-1-2.jpg\",\"contentUrl\":\"https:\\\/\\\/www.traveltelling.net\\\/wp-content\\\/uploads\\\/2018\\\/09\\\/Getetstet_-Telemark-2-LW-1-2.jpg\",\"width\":1200,\"height\":630,\"caption\":\"Getetstet: Ultraleichtes 2 Personen Zelt von Nordisk -Telemark 2 LW\"},{\"@type\":\"BreadcrumbList\",\"@id\":\"https:\\\/\\\/www.traveltelling.net\\\/de\\\/testbericht-bestes-2-personen-zelt-telemark-2lw-von-nordisk\\\/#breadcrumb\",\"itemListElement\":[{\"@type\":\"ListItem\",\"position\":1,\"name\":\"Startseite\",\"item\":\"https:\\\/\\\/www.traveltelling.net\\\/de\\\/\"},{\"@type\":\"ListItem\",\"position\":2,\"name\":\"Telemark 2 LW: Leichter, kleiner und komfortabler kaum m\u00f6glich!\"}]},{\"@type\":\"WebSite\",\"@id\":\"https:\\\/\\\/www.traveltelling.net\\\/de\\\/#website\",\"url\":\"https:\\\/\\\/www.traveltelling.net\\\/de\\\/\",\"name\":\"TravelTelling\",\"description\":\"Reiseberichte | Abenteuer | SlowTravel\",\"potentialAction\":[{\"@type\":\"SearchAction\",\"target\":{\"@type\":\"EntryPoint\",\"urlTemplate\":\"https:\\\/\\\/www.traveltelling.net\\\/de\\\/?s={search_term_string}\"},\"query-input\":{\"@type\":\"PropertyValueSpecification\",\"valueRequired\":true,\"valueName\":\"search_term_string\"}}],\"inLanguage\":\"de\"},{\"@type\":\"Person\",\"@id\":\"https:\\\/\\\/www.traveltelling.net\\\/de\\\/#\\\/schema\\\/person\\\/7549e44813ea4b392a23e4285b95fac4\",\"name\":\"Matthias\",\"image\":{\"@type\":\"ImageObject\",\"inLanguage\":\"de\",\"@id\":\"https:\\\/\\\/secure.gravatar.com\\\/avatar\\\/4edbfecaedc483864ee39ad53461d94aefe2719d1ed41994034d47bb3623ae6b?s=96&d=mm&r=g\",\"url\":\"https:\\\/\\\/secure.gravatar.com\\\/avatar\\\/4edbfecaedc483864ee39ad53461d94aefe2719d1ed41994034d47bb3623ae6b?s=96&d=mm&r=g\",\"contentUrl\":\"https:\\\/\\\/secure.gravatar.com\\\/avatar\\\/4edbfecaedc483864ee39ad53461d94aefe2719d1ed41994034d47bb3623ae6b?s=96&d=mm&r=g\",\"caption\":\"Matthias\"},\"description\":\"\u201eTravel is not reward for working, it\u2019s education for living\u201c.\u00a0Anthony Bourdain Hi, ich bin Matthias und reise gerne fernab der Massentourismuspfade, aktiv und abenteuerlich, aber zugleich auch genussvoll und entschleunigt. Am liebsten mit Rad, Rucksack oder Handgep\u00e4ck. Auf diesem Blog findest du neben Reiseberichten und Tipps auch Interviews, Gedanken, Gastartikel und viele Eindr\u00fccke zum Reisen mit dem Fahrrad.\",\"sameAs\":[\"https:\\\/\\\/www.traveltelling.net\\\/\",\"https:\\\/\\\/www.facebook.com\\\/traveltelling\",\"https:\\\/\\\/x.com\\\/traveltelling\"],\"url\":\"https:\\\/\\\/www.traveltelling.net\\\/de\\\/author\\\/matthias\\\/\"}]}<\/script>\n<!-- \/ Yoast SEO plugin. -->","yoast_head_json":{"title":"Testbericht Telemark 2 LW: Das beste ultraleichte 2 Personen Zelt","description":"Ein Leichtgewicht unter den Zelten f\u00fcr Radreisen und Wandern. Leichter, kleiner, komfortabler kaum m\u00f6glich. Ich habe das Telemark 2 LW ausf\u00fchrlich getestet.","robots":{"index":"index","follow":"follow","max-snippet":"max-snippet:-1","max-image-preview":"max-image-preview:large","max-video-preview":"max-video-preview:-1"},"canonical":"https:\/\/www.traveltelling.net\/de\/testbericht-bestes-2-personen-zelt-telemark-2lw-von-nordisk\/","og_locale":"de_DE","og_type":"article","og_title":"Telemark 2 LW: Leichter, kleiner und komfortabler kaum m\u00f6glich!","og_description":"Dieses Jahr habe ich eines der leichtesten 2 Personen Zelte der Welt getestet. Lohnt sich die Anschaffung?","og_url":"https:\/\/www.traveltelling.net\/de\/testbericht-bestes-2-personen-zelt-telemark-2lw-von-nordisk\/","og_site_name":"TravelTelling","article_publisher":"https:\/\/www.facebook.com\/traveltelling","article_author":"https:\/\/www.facebook.com\/traveltelling","article_published_time":"2018-09-28T06:45:55+00:00","article_modified_time":"2025-08-28T09:30:42+00:00","og_image":[{"width":1200,"height":630,"url":"https:\/\/www.traveltelling.net\/wp-content\/uploads\/2018\/09\/Getetstet_-Telemark-2-LW-1-2.jpg","type":"image\/jpeg"}],"author":"Matthias","twitter_card":"summary_large_image","twitter_creator":"@traveltelling","twitter_site":"@traveltelling","twitter_misc":{"Verfasst von":"Matthias","Gesch\u00e4tzte Lesezeit":"11\u00a0Minuten"},"schema":{"@context":"https:\/\/schema.org","@graph":[{"@type":"Article","@id":"https:\/\/www.traveltelling.net\/de\/testbericht-bestes-2-personen-zelt-telemark-2lw-von-nordisk\/#article","isPartOf":{"@id":"https:\/\/www.traveltelling.net\/de\/testbericht-bestes-2-personen-zelt-telemark-2lw-von-nordisk\/"},"author":{"name":"Matthias","@id":"https:\/\/www.traveltelling.net\/de\/#\/schema\/person\/7549e44813ea4b392a23e4285b95fac4"},"headline":"Telemark 2 LW: Leichter, kleiner und komfortabler kaum m\u00f6glich!","datePublished":"2018-09-28T06:45:55+00:00","dateModified":"2025-08-28T09:30:42+00:00","mainEntityOfPage":{"@id":"https:\/\/www.traveltelling.net\/de\/testbericht-bestes-2-personen-zelt-telemark-2lw-von-nordisk\/"},"wordCount":1508,"commentCount":0,"image":{"@id":"https:\/\/www.traveltelling.net\/de\/testbericht-bestes-2-personen-zelt-telemark-2lw-von-nordisk\/#primaryimage"},"thumbnailUrl":"https:\/\/www.traveltelling.net\/wp-content\/uploads\/2018\/09\/Getetstet_-Telemark-2-LW-1-2.jpg","keywords":["Donauradweg","Radreise","Wandern"],"articleSection":["Reisetipps"],"inLanguage":"de","potentialAction":[{"@type":"CommentAction","name":"Comment","target":["https:\/\/www.traveltelling.net\/de\/testbericht-bestes-2-personen-zelt-telemark-2lw-von-nordisk\/#respond"]}]},{"@type":"WebPage","@id":"https:\/\/www.traveltelling.net\/de\/testbericht-bestes-2-personen-zelt-telemark-2lw-von-nordisk\/","url":"https:\/\/www.traveltelling.net\/de\/testbericht-bestes-2-personen-zelt-telemark-2lw-von-nordisk\/","name":"Testbericht Telemark 2 LW: Das beste ultraleichte 2 Personen Zelt","isPartOf":{"@id":"https:\/\/www.traveltelling.net\/de\/#website"},"primaryImageOfPage":{"@id":"https:\/\/www.traveltelling.net\/de\/testbericht-bestes-2-personen-zelt-telemark-2lw-von-nordisk\/#primaryimage"},"image":{"@id":"https:\/\/www.traveltelling.net\/de\/testbericht-bestes-2-personen-zelt-telemark-2lw-von-nordisk\/#primaryimage"},"thumbnailUrl":"https:\/\/www.traveltelling.net\/wp-content\/uploads\/2018\/09\/Getetstet_-Telemark-2-LW-1-2.jpg","datePublished":"2018-09-28T06:45:55+00:00","dateModified":"2025-08-28T09:30:42+00:00","author":{"@id":"https:\/\/www.traveltelling.net\/de\/#\/schema\/person\/7549e44813ea4b392a23e4285b95fac4"},"description":"Ein Leichtgewicht unter den Zelten f\u00fcr Radreisen und Wandern. Leichter, kleiner, komfortabler kaum m\u00f6glich. Ich habe das Telemark 2 LW ausf\u00fchrlich getestet.","breadcrumb":{"@id":"https:\/\/www.traveltelling.net\/de\/testbericht-bestes-2-personen-zelt-telemark-2lw-von-nordisk\/#breadcrumb"},"inLanguage":"de","potentialAction":[{"@type":"ReadAction","target":["https:\/\/www.traveltelling.net\/de\/testbericht-bestes-2-personen-zelt-telemark-2lw-von-nordisk\/"]}]},{"@type":"ImageObject","inLanguage":"de","@id":"https:\/\/www.traveltelling.net\/de\/testbericht-bestes-2-personen-zelt-telemark-2lw-von-nordisk\/#primaryimage","url":"https:\/\/www.traveltelling.net\/wp-content\/uploads\/2018\/09\/Getetstet_-Telemark-2-LW-1-2.jpg","contentUrl":"https:\/\/www.traveltelling.net\/wp-content\/uploads\/2018\/09\/Getetstet_-Telemark-2-LW-1-2.jpg","width":1200,"height":630,"caption":"Getetstet: Ultraleichtes 2 Personen Zelt von Nordisk -Telemark 2 LW"},{"@type":"BreadcrumbList","@id":"https:\/\/www.traveltelling.net\/de\/testbericht-bestes-2-personen-zelt-telemark-2lw-von-nordisk\/#breadcrumb","itemListElement":[{"@type":"ListItem","position":1,"name":"Startseite","item":"https:\/\/www.traveltelling.net\/de\/"},{"@type":"ListItem","position":2,"name":"Telemark 2 LW: Leichter, kleiner und komfortabler kaum m\u00f6glich!"}]},{"@type":"WebSite","@id":"https:\/\/www.traveltelling.net\/de\/#website","url":"https:\/\/www.traveltelling.net\/de\/","name":"TravelTelling","description":"Reiseberichte | Abenteuer | SlowTravel","potentialAction":[{"@type":"SearchAction","target":{"@type":"EntryPoint","urlTemplate":"https:\/\/www.traveltelling.net\/de\/?s={search_term_string}"},"query-input":{"@type":"PropertyValueSpecification","valueRequired":true,"valueName":"search_term_string"}}],"inLanguage":"de"},{"@type":"Person","@id":"https:\/\/www.traveltelling.net\/de\/#\/schema\/person\/7549e44813ea4b392a23e4285b95fac4","name":"Matthias","image":{"@type":"ImageObject","inLanguage":"de","@id":"https:\/\/secure.gravatar.com\/avatar\/4edbfecaedc483864ee39ad53461d94aefe2719d1ed41994034d47bb3623ae6b?s=96&d=mm&r=g","url":"https:\/\/secure.gravatar.com\/avatar\/4edbfecaedc483864ee39ad53461d94aefe2719d1ed41994034d47bb3623ae6b?s=96&d=mm&r=g","contentUrl":"https:\/\/secure.gravatar.com\/avatar\/4edbfecaedc483864ee39ad53461d94aefe2719d1ed41994034d47bb3623ae6b?s=96&d=mm&r=g","caption":"Matthias"},"description":"\u201eTravel is not reward for working, it\u2019s education for living\u201c.\u00a0Anthony Bourdain Hi, ich bin Matthias und reise gerne fernab der Massentourismuspfade, aktiv und abenteuerlich, aber zugleich auch genussvoll und entschleunigt. Am liebsten mit Rad, Rucksack oder Handgep\u00e4ck. Auf diesem Blog findest du neben Reiseberichten und Tipps auch Interviews, Gedanken, Gastartikel und viele Eindr\u00fccke zum Reisen mit dem Fahrrad.","sameAs":["https:\/\/www.traveltelling.net\/","https:\/\/www.facebook.com\/traveltelling","https:\/\/x.com\/traveltelling"],"url":"https:\/\/www.traveltelling.net\/de\/author\/matthias\/"}]}},"_links":{"self":[{"href":"https:\/\/www.traveltelling.net\/de\/wp-json\/wp\/v2\/posts\/13197","targetHints":{"allow":["GET"]}}],"collection":[{"href":"https:\/\/www.traveltelling.net\/de\/wp-json\/wp\/v2\/posts"}],"about":[{"href":"https:\/\/www.traveltelling.net\/de\/wp-json\/wp\/v2\/types\/post"}],"author":[{"embeddable":true,"href":"https:\/\/www.traveltelling.net\/de\/wp-json\/wp\/v2\/users\/4"}],"replies":[{"embeddable":true,"href":"https:\/\/www.traveltelling.net\/de\/wp-json\/wp\/v2\/comments?post=13197"}],"version-history":[{"count":2,"href":"https:\/\/www.traveltelling.net\/de\/wp-json\/wp\/v2\/posts\/13197\/revisions"}],"predecessor-version":[{"id":20497,"href":"https:\/\/www.traveltelling.net\/de\/wp-json\/wp\/v2\/posts\/13197\/revisions\/20497"}],"wp:featuredmedia":[{"embeddable":true,"href":"https:\/\/www.traveltelling.net\/de\/wp-json\/wp\/v2\/media\/13519"}],"wp:attachment":[{"href":"https:\/\/www.traveltelling.net\/de\/wp-json\/wp\/v2\/media?parent=13197"}],"wp:term":[{"taxonomy":"category","embeddable":true,"href":"https:\/\/www.traveltelling.net\/de\/wp-json\/wp\/v2\/categories?post=13197"},{"taxonomy":"post_tag","embeddable":true,"href":"https:\/\/www.traveltelling.net\/de\/wp-json\/wp\/v2\/tags?post=13197"}],"curies":[{"name":"wp","href":"https:\/\/api.w.org\/{rel}","templated":true}]}}