{"id":14345,"date":"2019-03-01T18:09:01","date_gmt":"2019-03-01T17:09:01","guid":{"rendered":"https:\/\/www.traveltelling.net\/?p=14345"},"modified":"2022-11-15T14:30:55","modified_gmt":"2022-11-15T13:30:55","slug":"fahrrad-reise-packliste-tipps","status":"publish","type":"post","link":"https:\/\/www.traveltelling.net\/de\/fahrrad-reise-packliste-tipps\/","title":{"rendered":"Packma\u00df, Gewicht und Komfort: Deine Ultimative Radreise Packliste"},"content":{"rendered":"<p>Nach mehreren gro\u00dfen Radreisen u.a. entlang des <a href=\"https:\/\/www.traveltelling.net\/de\/e-book-radfahren-radreise-suedosteuropa-donauradweg-eurovelo-6\/\">Donauradwegs<\/a> von Deutschland nach Rum\u00e4nien, des <a href=\"https:\/\/www.traveltelling.net\/de\/fahrrad-reise-ostseekuesten-radweg-baltikum-reisebericht\/\">Ostseek\u00fcstenradweg<\/a>s von Lettland nach Deutschland, der \u00fcber 1000km langen <a href=\"https:\/\/www.traveltelling.net\/de\/muensterland-100-schloesser-route-radtour-suedkurs\/\">100 Schl\u00f6sser Route durchs M\u00fcnsterland<\/a> sowie vieler kleiner Trips in Bayern und Mecklenburg-Vorpommern, ist es nun an der Zeit, dir meine pers\u00f6nliche Radreise Packliste zu pr\u00e4sentieren. \u00dcber die Jahre habe ich mir einiges an Ausr\u00fcstung zugelegt und getestet. Zwar reise ich so minimalistisch wie m\u00f6glich, lobe mir dennoch Komfort bei meinen mehrw\u00f6chigen Touren mit dem Fahrrad. Hier zeige ich dir die Ausr\u00fcstung, die sich f\u00fcr mich bew\u00e4hrt hat und die ich auf Radreisen immer mit dabei habe:<\/p>\n<p style=\"text-align: center;\"><strong>(Du reist auch gerne mit dem Rucksack bzw. leichtem Gep\u00e4ck in Asien, S\u00fcdamerika oder Europa? <a href=\"https:\/\/www.traveltelling.net\/de\/reise-erfahrungsbericht-praxistest-bester-handgepaeck-rucksack-osprey-farpoint-40\/\">Hier geht&#8217;s zur<\/a> Rucksack Packliste und dem momentan besten Handgep\u00e4cksrucksack).<\/strong><\/p>\n<h1>Solo Radreise Packliste<\/h1>\n<h2><strong>Fahrrad + Equipment<\/strong><\/h2>\n<p>Mein Reiserad: Fahrrad VSF Fahrradmanufaktur TX-400 26\u2018\u2018 SHIMANO DEORE XT 30-GANG \/ HS22. Tipp: Koga R\u00e4der sind leichter, aber auch teuer.<\/p>\n<div id=\"attachment_14707\" style=\"width: 1610px\" class=\"wp-caption aligncenter\"><img decoding=\"async\" aria-describedby=\"caption-attachment-14707\" class=\"lazyload size-full wp-image-14707\" src=\"https:\/\/www.traveltelling.net\/wp-content\/uploads\/2019\/02\/Radreise-Packliste-6.jpg\" data-orig-src=\"https:\/\/www.traveltelling.net\/wp-content\/uploads\/2019\/02\/Radreise-Packliste-6.jpg\" alt=\"VSF TX400 Reiserad 2019\" width=\"1600\" height=\"1200\" srcset=\"data:image\/svg+xml,%3Csvg%20xmlns%3D%27http%3A%2F%2Fwww.w3.org%2F2000%2Fsvg%27%20width%3D%271600%27%20height%3D%271200%27%20viewBox%3D%270%200%201600%201200%27%3E%3Crect%20width%3D%271600%27%20height%3D%271200%27%20fill-opacity%3D%220%22%2F%3E%3C%2Fsvg%3E\" data-srcset=\"https:\/\/www.traveltelling.net\/wp-content\/uploads\/2019\/02\/Radreise-Packliste-6-200x150.jpg 200w, https:\/\/www.traveltelling.net\/wp-content\/uploads\/2019\/02\/Radreise-Packliste-6-400x300.jpg 400w, https:\/\/www.traveltelling.net\/wp-content\/uploads\/2019\/02\/Radreise-Packliste-6-600x450.jpg 600w, https:\/\/www.traveltelling.net\/wp-content\/uploads\/2019\/02\/Radreise-Packliste-6-800x600.jpg 800w, https:\/\/www.traveltelling.net\/wp-content\/uploads\/2019\/02\/Radreise-Packliste-6-1200x900.jpg 1200w, https:\/\/www.traveltelling.net\/wp-content\/uploads\/2019\/02\/Radreise-Packliste-6-1536x1152.jpg 1536w, https:\/\/www.traveltelling.net\/wp-content\/uploads\/2019\/02\/Radreise-Packliste-6.jpg 1600w\" data-sizes=\"auto\" data-orig-sizes=\"(max-width: 1600px) 100vw, 1600px\" \/><p id=\"caption-attachment-14707\" class=\"wp-caption-text\">Mein Reiserad. Stand: 2019<\/p><\/div>\n<h2><strong>Gep\u00e4cktr\u00e4ger<\/strong><\/h2>\n<p>Der angebrachte Gep\u00e4cktr\u00e4ger an meinem Reiserad ist der Tubus Cargo Classic. Mittlerweile benutze ich allerdings den Tubus Logo Classic, da dieser separate Vorrichtungen f\u00fcr das Einh\u00e4ngen der Radtaschen hat. Die obere Gep\u00e4cktr\u00e4gerfl\u00e4che liegt dabei frei. Dadurch muss man nicht (wie bei mir damals noch der Fall) das Gep\u00e4ck, das sich oben auf dem Gep\u00e4cktr\u00e4ger befindet, entfernen, um die Fahrradtaschen einh\u00e4ngen zu k\u00f6nnen. Das ist wirklich sehr viel praktischer!<\/p>\n<p><img decoding=\"async\" class=\"lazyload aligncenter size-full wp-image-14924\" src=\"https:\/\/www.traveltelling.net\/wp-content\/uploads\/2019\/04\/Tubos-Logo-Classic-Erfahrungsbericht.jpg\" data-orig-src=\"https:\/\/www.traveltelling.net\/wp-content\/uploads\/2019\/04\/Tubos-Logo-Classic-Erfahrungsbericht.jpg\" alt=\"Tubos Logo Classic Erfahrungsbericht\" width=\"1600\" height=\"1200\" srcset=\"data:image\/svg+xml,%3Csvg%20xmlns%3D%27http%3A%2F%2Fwww.w3.org%2F2000%2Fsvg%27%20width%3D%271600%27%20height%3D%271200%27%20viewBox%3D%270%200%201600%201200%27%3E%3Crect%20width%3D%271600%27%20height%3D%271200%27%20fill-opacity%3D%220%22%2F%3E%3C%2Fsvg%3E\" data-srcset=\"https:\/\/www.traveltelling.net\/wp-content\/uploads\/2019\/04\/Tubos-Logo-Classic-Erfahrungsbericht-200x150.jpg 200w, https:\/\/www.traveltelling.net\/wp-content\/uploads\/2019\/04\/Tubos-Logo-Classic-Erfahrungsbericht-400x300.jpg 400w, https:\/\/www.traveltelling.net\/wp-content\/uploads\/2019\/04\/Tubos-Logo-Classic-Erfahrungsbericht-600x450.jpg 600w, https:\/\/www.traveltelling.net\/wp-content\/uploads\/2019\/04\/Tubos-Logo-Classic-Erfahrungsbericht-800x600.jpg 800w, https:\/\/www.traveltelling.net\/wp-content\/uploads\/2019\/04\/Tubos-Logo-Classic-Erfahrungsbericht-1200x900.jpg 1200w, https:\/\/www.traveltelling.net\/wp-content\/uploads\/2019\/04\/Tubos-Logo-Classic-Erfahrungsbericht-1536x1152.jpg 1536w, https:\/\/www.traveltelling.net\/wp-content\/uploads\/2019\/04\/Tubos-Logo-Classic-Erfahrungsbericht.jpg 1600w\" data-sizes=\"auto\" data-orig-sizes=\"(max-width: 1600px) 100vw, 1600px\" \/><\/p>\n<h2><strong>Wasserfeste Radtaschen 2 x 20 Liter (Ortlieb Classic bzw. Vaude Aqua Plus) + Lenkertasche (Ortlieb Classic bzw. Rixen &amp; Kaul Aventour)<\/strong><\/h2>\n<p>Mit den Ortlieb Classics (II. Wahl) bin ich vier Jahre lang sehr sehr gut gefahren. Insgesamt durch 12 L\u00e4nder. Die II. Wahl Ortlieb Taschen sind auch hin und wieder im Angebot &#8211; mit bis zu 60% Nachlass. Dieses Jahr (2019) habe ich mich f\u00fcr die Variante Aqua Plus von Vaude (passt mehr rein und so spare ich mir die beiden vorderen Taschen auf Radreisen) sowie der <a href=\"https:\/\/amzn.to\/2WgAk3U\" target=\"_blank\" rel=\"noopener noreferrer\">Aventour Lenkertasche<\/a>* von Rixen und Kaul entschieden. Die Lenkertasche hat mehrere Taschen und F\u00e4cher und kann ebenfalls am Lenker abgeschlossen werden. F\u00fcr die Rei\u00dfverschl\u00fcsse ben\u00f6tigt man allerdings noch ein extra Zahlenschloss.<\/p>\n<p><img decoding=\"async\" class=\"lazyload aligncenter size-full wp-image-14705\" src=\"https:\/\/www.traveltelling.net\/wp-content\/uploads\/2019\/02\/Radreise-Packliste-11.jpg\" data-orig-src=\"https:\/\/www.traveltelling.net\/wp-content\/uploads\/2019\/02\/Radreise-Packliste-11.jpg\" alt=\"Ortlieb Classic Packtaschen\" width=\"1600\" height=\"1200\" srcset=\"data:image\/svg+xml,%3Csvg%20xmlns%3D%27http%3A%2F%2Fwww.w3.org%2F2000%2Fsvg%27%20width%3D%271600%27%20height%3D%271200%27%20viewBox%3D%270%200%201600%201200%27%3E%3Crect%20width%3D%271600%27%20height%3D%271200%27%20fill-opacity%3D%220%22%2F%3E%3C%2Fsvg%3E\" data-srcset=\"https:\/\/www.traveltelling.net\/wp-content\/uploads\/2019\/02\/Radreise-Packliste-11-200x150.jpg 200w, https:\/\/www.traveltelling.net\/wp-content\/uploads\/2019\/02\/Radreise-Packliste-11-400x300.jpg 400w, https:\/\/www.traveltelling.net\/wp-content\/uploads\/2019\/02\/Radreise-Packliste-11-600x450.jpg 600w, https:\/\/www.traveltelling.net\/wp-content\/uploads\/2019\/02\/Radreise-Packliste-11-800x600.jpg 800w, https:\/\/www.traveltelling.net\/wp-content\/uploads\/2019\/02\/Radreise-Packliste-11-1200x900.jpg 1200w, https:\/\/www.traveltelling.net\/wp-content\/uploads\/2019\/02\/Radreise-Packliste-11-1536x1152.jpg 1536w, https:\/\/www.traveltelling.net\/wp-content\/uploads\/2019\/02\/Radreise-Packliste-11.jpg 1600w\" data-sizes=\"auto\" data-orig-sizes=\"(max-width: 1600px) 100vw, 1600px\" \/><\/p>\n<h2><strong>Stromerzeugung am Fahrrad<\/strong><\/h2>\n<h4><strong>Dynamo USB Stromerzeuger NC17 App Con 3000<\/strong><\/h4>\n<p>Eines der besten Anschaffungen vor unserer Radreise entlang des Ostseek\u00fcstenradwegs von Lettland nach Deutschland: Der Dynamo Stromerzeuger App Con GT #1. Er wird am Rad installiert und generiert durch das Treten w\u00e4hrend der Fahrt Strom. Somit ist dein Handy\/GPS immer aufgeladen. Das <a href=\"https:\/\/amzn.to\/2Hv7ol6\" target=\"_blank\" rel=\"noopener noreferrer\">neue Modell App Con 3000<\/a>* kann sogar in der Steckdose vorgeladen werden und kann auch als 3000 mAh Power Bank benutzt werden. Au\u00dferdem ist es m\u00f6glich ihn versteckt im Lenkerrohr zu montieren. Dein Smartphone kann via Bluetooth verbunden werden und die App dient als intelligentes GPS Ger\u00e4t, Tacho, Stromanzeige und zeichnet auf Wunsch auch deine Strecke auf. Hier geht\u2019s zum <a href=\"https:\/\/www.traveltelling.net\/de\/erfahrungsbericht-dynamo-stromerzeugung-usb-am-fahrrad-radreise\/\">Testbericht<\/a> des AppCon GT #1.<\/p>\n<p><img decoding=\"async\" class=\"lazyload aligncenter size-full wp-image-14919\" src=\"https:\/\/www.traveltelling.net\/wp-content\/uploads\/2019\/04\/AppCon-3000-von-NC17.jpg\" data-orig-src=\"https:\/\/www.traveltelling.net\/wp-content\/uploads\/2019\/04\/AppCon-3000-von-NC17.jpg\" alt=\"AppCon 3000 von NC17\" width=\"1600\" height=\"1200\" srcset=\"data:image\/svg+xml,%3Csvg%20xmlns%3D%27http%3A%2F%2Fwww.w3.org%2F2000%2Fsvg%27%20width%3D%271600%27%20height%3D%271200%27%20viewBox%3D%270%200%201600%201200%27%3E%3Crect%20width%3D%271600%27%20height%3D%271200%27%20fill-opacity%3D%220%22%2F%3E%3C%2Fsvg%3E\" data-srcset=\"https:\/\/www.traveltelling.net\/wp-content\/uploads\/2019\/04\/AppCon-3000-von-NC17-200x150.jpg 200w, https:\/\/www.traveltelling.net\/wp-content\/uploads\/2019\/04\/AppCon-3000-von-NC17-400x300.jpg 400w, https:\/\/www.traveltelling.net\/wp-content\/uploads\/2019\/04\/AppCon-3000-von-NC17-600x450.jpg 600w, https:\/\/www.traveltelling.net\/wp-content\/uploads\/2019\/04\/AppCon-3000-von-NC17-800x600.jpg 800w, https:\/\/www.traveltelling.net\/wp-content\/uploads\/2019\/04\/AppCon-3000-von-NC17-1200x900.jpg 1200w, https:\/\/www.traveltelling.net\/wp-content\/uploads\/2019\/04\/AppCon-3000-von-NC17-1536x1152.jpg 1536w, https:\/\/www.traveltelling.net\/wp-content\/uploads\/2019\/04\/AppCon-3000-von-NC17.jpg 1600w\" data-sizes=\"auto\" data-orig-sizes=\"(max-width: 1600px) 100vw, 1600px\" \/><\/p>\n<h4>5600 mAh Solar Panel<\/h4>\n<p>Mein 5600 mAh SolarPanel hat mit 17,5 x 17,5 cm die optimale Gr\u00f6\u00dfe. Es passt nicht nur in die iPad H\u00fclle auf meiner Lenkertasche sondern auch auf all meine Rucks\u00e4cke! Es dauert 20 Stunden bis es aufgeladen ist, hat 2 USB 2A Ausg\u00e4nge und kann auch \u00fcber die Steckdose\/USB per Mini USB aufgeladen werden.<\/p>\n<p><img decoding=\"async\" class=\"lazyload aligncenter size-full wp-image-14953\" src=\"https:\/\/www.traveltelling.net\/wp-content\/uploads\/2019\/04\/Solar-Panel.jpg\" data-orig-src=\"https:\/\/www.traveltelling.net\/wp-content\/uploads\/2019\/04\/Solar-Panel.jpg\" alt=\"Solar Panel beim Wandern und Radreisen\" width=\"1200\" height=\"628\" srcset=\"data:image\/svg+xml,%3Csvg%20xmlns%3D%27http%3A%2F%2Fwww.w3.org%2F2000%2Fsvg%27%20width%3D%271200%27%20height%3D%27628%27%20viewBox%3D%270%200%201200%20628%27%3E%3Crect%20width%3D%271200%27%20height%3D%27628%27%20fill-opacity%3D%220%22%2F%3E%3C%2Fsvg%3E\" data-srcset=\"https:\/\/www.traveltelling.net\/wp-content\/uploads\/2019\/04\/Solar-Panel-200x105.jpg 200w, https:\/\/www.traveltelling.net\/wp-content\/uploads\/2019\/04\/Solar-Panel-400x209.jpg 400w, https:\/\/www.traveltelling.net\/wp-content\/uploads\/2019\/04\/Solar-Panel-600x314.jpg 600w, https:\/\/www.traveltelling.net\/wp-content\/uploads\/2019\/04\/Solar-Panel-800x419.jpg 800w, https:\/\/www.traveltelling.net\/wp-content\/uploads\/2019\/04\/Solar-Panel.jpg 1200w\" data-sizes=\"auto\" data-orig-sizes=\"(max-width: 1200px) 100vw, 1200px\" \/><\/p>\n<h2><strong>Outdoor K\u00fcche<\/strong><\/h2>\n<p>Ein Lobeslied auf das Sturmkocher-Set von Trangila (beschichtet), das 3in1 Besteck <a href=\"https:\/\/amzn.to\/2CCe4Kc\" target=\"_blank\" rel=\"noopener noreferrer\">Titanium Spork von LightMyFire<\/a>*\u00a0 und mein Opinel Messer. Zus\u00e4tzlich nehme ich oft auch ein Grillrost, Kunststoffteller, einen kleinen Schwamm und den 6-fach Gew\u00fcrzstreuer von Globetrotter mit. Tipp: Brennalkohol in 250-500ml PET Flasche abf\u00fcllen und in einem der Flaschenhalter am Rad transportieren, spart Platz im Gep\u00e4ck. Eine Handvoll 10 L M\u00fclls\u00e4cke ist auch immer dabei. Inspirationen f\u00fcr schnelle Campingkochgerichte findest du im <a href=\"https:\/\/amzn.to\/2Q1sufT\" target=\"_blank\" rel=\"nofollow noopener noreferrer\">Camping Kochbuch<\/a>* von Tim Luprich von <a href=\"https:\/\/www.traveltelling.net\/de\/interview-tim-luprich-rad-sabbatical\/\">Rad-Sabbatical<\/a>.<\/p>\n<p><img decoding=\"async\" class=\"lazyload aligncenter size-full wp-image-14361\" src=\"https:\/\/www.traveltelling.net\/wp-content\/uploads\/2018\/11\/K1600_01-34.jpg\" data-orig-src=\"https:\/\/www.traveltelling.net\/wp-content\/uploads\/2018\/11\/K1600_01-34.jpg\" alt=\"Outdoor K\u00fcche\" width=\"960\" height=\"1280\" srcset=\"data:image\/svg+xml,%3Csvg%20xmlns%3D%27http%3A%2F%2Fwww.w3.org%2F2000%2Fsvg%27%20width%3D%27960%27%20height%3D%271280%27%20viewBox%3D%270%200%20960%201280%27%3E%3Crect%20width%3D%27960%27%20height%3D%271280%27%20fill-opacity%3D%220%22%2F%3E%3C%2Fsvg%3E\" data-srcset=\"https:\/\/www.traveltelling.net\/wp-content\/uploads\/2018\/11\/K1600_01-34-200x267.jpg 200w, https:\/\/www.traveltelling.net\/wp-content\/uploads\/2018\/11\/K1600_01-34-400x533.jpg 400w, https:\/\/www.traveltelling.net\/wp-content\/uploads\/2018\/11\/K1600_01-34-600x800.jpg 600w, https:\/\/www.traveltelling.net\/wp-content\/uploads\/2018\/11\/K1600_01-34-800x1067.jpg 800w, https:\/\/www.traveltelling.net\/wp-content\/uploads\/2018\/11\/K1600_01-34.jpg 960w\" data-sizes=\"auto\" data-orig-sizes=\"(max-width: 960px) 100vw, 960px\" \/><\/p>\n<h2><strong>Gem\u00fctlichkeit<\/strong><\/h2>\n<p>Sitzen beim Kochen, Essen oder einfach nur beim Chillen ist immer recht entspannend. Aus diesem Grund habe ich mir diesen Sommer einen <strong>ultraleichten Campingstuhl<\/strong> zugelegt. Den Kingfisher von Nigor gibt\u2019s in drei verschiedenen Gr\u00f6\u00dfen. Alternative: Die St\u00fchle der Marke Helinox. Beide passen in die hintre Radtasche. Au\u00dferdem nehmen wir auch oft unsere 600g leichte zwei Personen <strong>H\u00e4ngematte<\/strong> von Amazonas mit.<\/p>\n<p><img decoding=\"async\" class=\"lazyload aligncenter size-full wp-image-14363\" src=\"https:\/\/www.traveltelling.net\/wp-content\/uploads\/2018\/11\/K1600_02-57.jpg\" data-orig-src=\"https:\/\/www.traveltelling.net\/wp-content\/uploads\/2018\/11\/K1600_02-57.jpg\" alt=\"Amazonas H\u00e4ngematte Radreise Packliste\" width=\"1280\" height=\"960\" srcset=\"data:image\/svg+xml,%3Csvg%20xmlns%3D%27http%3A%2F%2Fwww.w3.org%2F2000%2Fsvg%27%20width%3D%271280%27%20height%3D%27960%27%20viewBox%3D%270%200%201280%20960%27%3E%3Crect%20width%3D%271280%27%20height%3D%27960%27%20fill-opacity%3D%220%22%2F%3E%3C%2Fsvg%3E\" data-srcset=\"https:\/\/www.traveltelling.net\/wp-content\/uploads\/2018\/11\/K1600_02-57-200x150.jpg 200w, https:\/\/www.traveltelling.net\/wp-content\/uploads\/2018\/11\/K1600_02-57-400x300.jpg 400w, https:\/\/www.traveltelling.net\/wp-content\/uploads\/2018\/11\/K1600_02-57-600x450.jpg 600w, https:\/\/www.traveltelling.net\/wp-content\/uploads\/2018\/11\/K1600_02-57-800x600.jpg 800w, https:\/\/www.traveltelling.net\/wp-content\/uploads\/2018\/11\/K1600_02-57-1200x900.jpg 1200w, https:\/\/www.traveltelling.net\/wp-content\/uploads\/2018\/11\/K1600_02-57.jpg 1280w\" data-sizes=\"auto\" data-orig-sizes=\"(max-width: 1280px) 100vw, 1280px\" \/><\/p>\n<h2><strong>Schlafen<\/strong><\/h2>\n<h4><strong>Zelt<\/strong><\/h4>\n<p>F\u00fcr meine Solo Radreisen benutze ich das Telemark 2 LW 2-Personen-Zelt von Nordisk mit gerade mal 950 g Gewicht und 41&#215;12 cm Packma\u00df. Hier geht\u2019s zu <a href=\"https:\/\/www.traveltelling.net\/de\/testbericht-bestes-2-personen-zelt-telemark-2lw-von-nordisk\/\">meinem Testbericht<\/a>. Wenn wir zu zweit unterwegs sind, schw\u00f6ren wir auf das komfortable 3-Personen-Zelt MSR Muttha Hubba NX 3 mit 2260 g und 53&#215;17 cm Packma\u00df. Die Zelte transportiere ich im wasserdichten Ultra-Sil Nano Dry Sack; 13 L von SeaToSummit f\u00fcr das MSR Zelt, die 15 L Variante f\u00fcr das Nordisk Zelt. In letzterem transportiere ich zugleich auch Schlafsack und Kissen \u2013 alles auf dem Gep\u00e4cktr\u00e4ger.<\/p>\n<p><img decoding=\"async\" class=\"lazyload aligncenter size-full wp-image-14347\" src=\"https:\/\/www.traveltelling.net\/wp-content\/uploads\/2018\/11\/K1600_IMG_20181128_121544-01.jpg\" data-orig-src=\"https:\/\/www.traveltelling.net\/wp-content\/uploads\/2018\/11\/K1600_IMG_20181128_121544-01.jpg\" alt=\"Radreise Packliste Zelte\" width=\"1200\" height=\"1600\" srcset=\"data:image\/svg+xml,%3Csvg%20xmlns%3D%27http%3A%2F%2Fwww.w3.org%2F2000%2Fsvg%27%20width%3D%271200%27%20height%3D%271600%27%20viewBox%3D%270%200%201200%201600%27%3E%3Crect%20width%3D%271200%27%20height%3D%271600%27%20fill-opacity%3D%220%22%2F%3E%3C%2Fsvg%3E\" data-srcset=\"https:\/\/www.traveltelling.net\/wp-content\/uploads\/2018\/11\/K1600_IMG_20181128_121544-01-200x267.jpg 200w, https:\/\/www.traveltelling.net\/wp-content\/uploads\/2018\/11\/K1600_IMG_20181128_121544-01-400x533.jpg 400w, https:\/\/www.traveltelling.net\/wp-content\/uploads\/2018\/11\/K1600_IMG_20181128_121544-01-600x800.jpg 600w, https:\/\/www.traveltelling.net\/wp-content\/uploads\/2018\/11\/K1600_IMG_20181128_121544-01-800x1067.jpg 800w, https:\/\/www.traveltelling.net\/wp-content\/uploads\/2018\/11\/K1600_IMG_20181128_121544-01-1152x1536.jpg 1152w, https:\/\/www.traveltelling.net\/wp-content\/uploads\/2018\/11\/K1600_IMG_20181128_121544-01.jpg 1200w\" data-sizes=\"auto\" data-orig-sizes=\"(max-width: 1200px) 100vw, 1200px\" \/><\/p>\n<p><img decoding=\"async\" class=\"lazyload aligncenter size-full wp-image-14398\" src=\"https:\/\/www.traveltelling.net\/wp-content\/uploads\/2018\/11\/K1600_GOPR4379-01.jpg\" data-orig-src=\"https:\/\/www.traveltelling.net\/wp-content\/uploads\/2018\/11\/K1600_GOPR4379-01.jpg\" alt=\"MSR Muttha Hubba NX 3 Radreise Erfahrungsbericht\" width=\"1600\" height=\"1200\" srcset=\"data:image\/svg+xml,%3Csvg%20xmlns%3D%27http%3A%2F%2Fwww.w3.org%2F2000%2Fsvg%27%20width%3D%271600%27%20height%3D%271200%27%20viewBox%3D%270%200%201600%201200%27%3E%3Crect%20width%3D%271600%27%20height%3D%271200%27%20fill-opacity%3D%220%22%2F%3E%3C%2Fsvg%3E\" data-srcset=\"https:\/\/www.traveltelling.net\/wp-content\/uploads\/2018\/11\/K1600_GOPR4379-01-200x150.jpg 200w, https:\/\/www.traveltelling.net\/wp-content\/uploads\/2018\/11\/K1600_GOPR4379-01-400x300.jpg 400w, https:\/\/www.traveltelling.net\/wp-content\/uploads\/2018\/11\/K1600_GOPR4379-01-600x450.jpg 600w, https:\/\/www.traveltelling.net\/wp-content\/uploads\/2018\/11\/K1600_GOPR4379-01-800x600.jpg 800w, https:\/\/www.traveltelling.net\/wp-content\/uploads\/2018\/11\/K1600_GOPR4379-01-1200x900.jpg 1200w, https:\/\/www.traveltelling.net\/wp-content\/uploads\/2018\/11\/K1600_GOPR4379-01-1536x1152.jpg 1536w, https:\/\/www.traveltelling.net\/wp-content\/uploads\/2018\/11\/K1600_GOPR4379-01.jpg 1600w\" data-sizes=\"auto\" data-orig-sizes=\"(max-width: 1600px) 100vw, 1600px\" \/><\/p>\n<h3><img decoding=\"async\" class=\"lazyload aligncenter size-full wp-image-14391\" src=\"https:\/\/www.traveltelling.net\/wp-content\/uploads\/2018\/11\/K1600_IMG_20180620_210322-01.jpg\" data-orig-src=\"https:\/\/www.traveltelling.net\/wp-content\/uploads\/2018\/11\/K1600_IMG_20180620_210322-01.jpg\" alt=\"Nordisk Telemark 2 LW Radreise\" width=\"2137\" height=\"1200\" srcset=\"data:image\/svg+xml,%3Csvg%20xmlns%3D%27http%3A%2F%2Fwww.w3.org%2F2000%2Fsvg%27%20width%3D%272137%27%20height%3D%271200%27%20viewBox%3D%270%200%202137%201200%27%3E%3Crect%20width%3D%272137%27%20height%3D%271200%27%20fill-opacity%3D%220%22%2F%3E%3C%2Fsvg%3E\" data-srcset=\"https:\/\/www.traveltelling.net\/wp-content\/uploads\/2018\/11\/K1600_IMG_20180620_210322-01-200x112.jpg 200w, https:\/\/www.traveltelling.net\/wp-content\/uploads\/2018\/11\/K1600_IMG_20180620_210322-01-400x225.jpg 400w, https:\/\/www.traveltelling.net\/wp-content\/uploads\/2018\/11\/K1600_IMG_20180620_210322-01-600x337.jpg 600w, https:\/\/www.traveltelling.net\/wp-content\/uploads\/2018\/11\/K1600_IMG_20180620_210322-01-800x449.jpg 800w, https:\/\/www.traveltelling.net\/wp-content\/uploads\/2018\/11\/K1600_IMG_20180620_210322-01-1200x674.jpg 1200w, https:\/\/www.traveltelling.net\/wp-content\/uploads\/2018\/11\/K1600_IMG_20180620_210322-01-1536x863.jpg 1536w, https:\/\/www.traveltelling.net\/wp-content\/uploads\/2018\/11\/K1600_IMG_20180620_210322-01.jpg 2137w\" data-sizes=\"auto\" data-orig-sizes=\"(max-width: 2137px) 100vw, 2137px\" \/><\/h3>\n<h4><strong>Schlafsack<\/strong><\/h4>\n<p>Ich besitze zwei <strong>Daunen-Schlafs\u00e4cke<\/strong>, die vor allem f\u00fcr die Wetterverh\u00e4ltnisse in Mittel- und Nordeuropa optimal sind. Ich bin 184 cm gro\u00df und habe mich f\u00fcr die XL Varianten (237 cm L\u00e4nge) entschieden, da sie mir mehr Bewegungsfreiheit erlauben. Zum einen den Mountain Hardwear Ratio 45 mit einer Komforttemperatur von 10 Grad. In Sommermonaten benutze ich ihn auch mal offen als Decke. Packma\u00df: 769 g und 36&#215;14 cm. Zum anderen den Yeti Passion Five mit einer Komforttemperatur von -2 Grad. Packma\u00df: 790 g und 37&#215;15 cm. Hier geht&#8217;s zu meinem <a href=\"https:\/\/www.traveltelling.net\/de\/testbericht-yeti-passion-five-daunenschlafsack\/\">Yeti Passion Five Testbericht<\/a>. Optional gibt es auch Seideninletts, die man sich z.B. in den Sommerschlafsack legen kann, wenn die N\u00e4chte doch mal k\u00fchler sind.<\/p>\n<p><img decoding=\"async\" class=\"lazyload aligncenter size-full wp-image-14394\" src=\"https:\/\/www.traveltelling.net\/wp-content\/uploads\/2018\/11\/K1600_IMG_20181128_121232-01.jpg\" data-orig-src=\"https:\/\/www.traveltelling.net\/wp-content\/uploads\/2018\/11\/K1600_IMG_20181128_121232-01.jpg\" alt=\"Schlafsack und Isomatte Packliste Radreise \" width=\"1600\" height=\"1200\" srcset=\"data:image\/svg+xml,%3Csvg%20xmlns%3D%27http%3A%2F%2Fwww.w3.org%2F2000%2Fsvg%27%20width%3D%271600%27%20height%3D%271200%27%20viewBox%3D%270%200%201600%201200%27%3E%3Crect%20width%3D%271600%27%20height%3D%271200%27%20fill-opacity%3D%220%22%2F%3E%3C%2Fsvg%3E\" data-srcset=\"https:\/\/www.traveltelling.net\/wp-content\/uploads\/2018\/11\/K1600_IMG_20181128_121232-01-200x150.jpg 200w, https:\/\/www.traveltelling.net\/wp-content\/uploads\/2018\/11\/K1600_IMG_20181128_121232-01-400x300.jpg 400w, https:\/\/www.traveltelling.net\/wp-content\/uploads\/2018\/11\/K1600_IMG_20181128_121232-01-600x450.jpg 600w, https:\/\/www.traveltelling.net\/wp-content\/uploads\/2018\/11\/K1600_IMG_20181128_121232-01-800x600.jpg 800w, https:\/\/www.traveltelling.net\/wp-content\/uploads\/2018\/11\/K1600_IMG_20181128_121232-01-1200x900.jpg 1200w, https:\/\/www.traveltelling.net\/wp-content\/uploads\/2018\/11\/K1600_IMG_20181128_121232-01-1536x1152.jpg 1536w, https:\/\/www.traveltelling.net\/wp-content\/uploads\/2018\/11\/K1600_IMG_20181128_121232-01.jpg 1600w\" data-sizes=\"auto\" data-orig-sizes=\"(max-width: 1600px) 100vw, 1600px\" \/><\/p>\n<h4>Isomatte<\/h4>\n<p>Bei den <strong>Isomatten<\/strong> hat sich in den letzten Jahren die Therm-a-Rest Pro Lite Plus in der Gr\u00f6\u00dfe Large als mein pers\u00f6nlicher Favorit herauskristallisiert. Es gibt zwar im Packma\u00df und Gewicht kleinere Isomatten, aber die Pro Lite Plus ist die f\u00fcr mich beste Mischung aus geringem Packma\u00df und gro\u00dfm\u00f6glichstem Komfort. Dazu das <strong>Reisekissen<\/strong> Compressible Pillow in Gr\u00f6\u00dfe S ebenfalls von Therm-a-Rest.<\/p>\n<h2><strong>Kulturbeutel und Pflege<\/strong><\/h2>\n<p>Bei einer Radreise Packliste kommt es vor allem darauf an, dass alles klein, leicht und einfach zu verstauen ist. Als Kulturbeutel benutze ich den Hanging Toiletry Bag von SeaToSummit in Gr\u00f6\u00dfe S. F\u00fcr mich als Mann passt hier alles optimal rein. Optional kann ich auch das Deuter Washcenter 1 empfehlen. Es bietet etwas mehr Platz und ist praktisch aufgeteilt. Wer es ultraminimalistisch mag, nimmt nur einen verschlie\u00dfbaren Plastikbeutel. Dazu kommt ein Mikrofaser Handtuch Travel Towel (Ma\u00dfe 65&#215;155 cm oder 115&#215;140 cm, wenn es als Strandtuch genutzt werden soll).<\/p>\n<h2><strong>Klamotten und Packbeutel<\/strong><\/h2>\n<p>F\u00fcr deine Klamotten verwendest du am besten den Eagle Creek Pack-It Original\u2122 <a href=\"https:\/\/amzn.to\/2DNBqy0\" target=\"_blank\" rel=\"nofollow noopener noreferrer\">Clean Dirty Cube<\/a>* in Gr\u00f6\u00dfe Medium, ggf. zus\u00e4tzlich ein W\u00e4schenetz\/Beutel (Dryiny Rack 61x91cm) f\u00fcr schmutzige W\u00e4sche.<\/p>\n<ul>\n<li>1 Gepolsterte Radlerhose (z.B. Sportcheck hauseigene Marke reicht v\u00f6llig aus)<\/li>\n<li>2 Funktionsshirts, 1 Longsleeve, 1 T-Shirt, (1 Thermo-Unterw\u00e4sche)<\/li>\n<li>1 Badehose, 1 Kurze Hose, 1 lange (Zipper-)hose<\/li>\n<li>4 Boxershorts, 3 Socken<\/li>\n<li>Regenjacke, Regenhose und Gamaschen (sch\u00fctzen Schuhe und Kn\u00f6chel vor Regen)<\/li>\n<li>Sicherheitsweste<\/li>\n<li>Baff Halstuch<\/li>\n<\/ul>\n<h2><strong>Kamera, Technik und Werkzeug<\/strong><\/h2>\n<ul>\n<li>Kopflampe<\/li>\n<li><a href=\"https:\/\/www.traveltelling.net\/de\/test-vergleich-jabra-elite-active-7-4-bluetooth-kopfhoerer\/\">Kopfh\u00f6rer<\/a><\/li>\n<li>Solar Panel 5600 mAh (17x17cm von Stodeus leSolarPad &#8211; passt in Kartentasche des Lenkers)<\/li>\n<li>Smartphone Halterung von Klickfix<\/li>\n<li>Laptop, ext. Festplatte, USB Stick<\/li>\n<li>USB 5-Fach Steckdose und PowerAkku 10000 mAh<\/li>\n<li><a href=\"https:\/\/amzn.to\/2TS0uNp\" target=\"_blank\" rel=\"noopener noreferrer\">GoPro CamOn!<\/a>* Ultraschnelle GoPro Montage \u00fcberall!<\/li>\n<li>GoPro + Brustgurt, Kopfgurt oder Helmaufsatz<\/li>\n<li><a href=\"https:\/\/amzn.to\/2PZdw9Q\" target=\"_blank\" rel=\"nofollow noopener noreferrer\">Feiyu-Tech G5 V2<\/a>* f\u00fcr GoPro Hero sowie ein Monkeypod f\u00fcr Zeitrafferaufnahmen<\/li>\n<li>Zusammenfaltbarer Daypack Tatonka Squeezy als Rucksack f\u00fcr Tagestouren (Gewicht: 191 g)<\/li>\n<li>Kleine wasserfeste Packbeutel zum Verstauen und Polstern<\/li>\n<li>Werkzeug in Satteltasche: AceCamp MultiTool, Ersatzschlauch, Topeak Toolkit, 2 Speichen, Flickzeug, Isomatten-Kleber<\/li>\n<\/ul>\n<h2><strong>Reiseapotheke<\/strong><\/h2>\n<ul>\n<li>Tiger-Balm, Schmerztabletten, Kohletabletten, Nasentropfen, Schmerzgel, Sonnencreme, Insektenspray, Azaron und wasserfeste Pflaster.Tiger Balm gibt\u2019s mittlerweile \u00fcbrigens auch beim DM Drogeriemarkt.<\/li>\n<li>Thermopads! Sie reagieren mit Sauerstoff, einfach auspacken, sch\u00fctteln und man hat bis zu 12h W\u00e4rme. Gibt es als Hand-, Fu\u00df- und R\u00fcckenw\u00e4rmer.<\/li>\n<\/ul>\n<h2>Sonstiges<\/h2>\n<ul>\n<li>Sonnenbrille &amp; Flip Flops<\/li>\n<li>(alternativ auch Rad-Sandalen)<\/li>\n<li>Trinkflasche 1 L mit ml Anzeige<\/li>\n<li>Bauchtasche &#8222;FelxiGurt&#8220;<\/li>\n<li>Ocean Bag 13 L<\/li>\n<\/ul>\n<div id=\"attachment_14961\" style=\"width: 1210px\" class=\"wp-caption aligncenter\"><img decoding=\"async\" aria-describedby=\"caption-attachment-14961\" class=\"lazyload size-full wp-image-14961\" src=\"https:\/\/www.traveltelling.net\/wp-content\/uploads\/2019\/04\/Bestesr-GroPro-Adapter-Fahrrad-Reise-2-1.jpg\" data-orig-src=\"https:\/\/www.traveltelling.net\/wp-content\/uploads\/2019\/04\/Bestesr-GroPro-Adapter-Fahrrad-Reise-2-1.jpg\" alt=\"Bestesr GroPro Adapter Fahrrad Reise\" width=\"1200\" height=\"628\" srcset=\"data:image\/svg+xml,%3Csvg%20xmlns%3D%27http%3A%2F%2Fwww.w3.org%2F2000%2Fsvg%27%20width%3D%271200%27%20height%3D%27628%27%20viewBox%3D%270%200%201200%20628%27%3E%3Crect%20width%3D%271200%27%20height%3D%27628%27%20fill-opacity%3D%220%22%2F%3E%3C%2Fsvg%3E\" data-srcset=\"https:\/\/www.traveltelling.net\/wp-content\/uploads\/2019\/04\/Bestesr-GroPro-Adapter-Fahrrad-Reise-2-1-200x105.jpg 200w, https:\/\/www.traveltelling.net\/wp-content\/uploads\/2019\/04\/Bestesr-GroPro-Adapter-Fahrrad-Reise-2-1-400x209.jpg 400w, https:\/\/www.traveltelling.net\/wp-content\/uploads\/2019\/04\/Bestesr-GroPro-Adapter-Fahrrad-Reise-2-1-600x314.jpg 600w, https:\/\/www.traveltelling.net\/wp-content\/uploads\/2019\/04\/Bestesr-GroPro-Adapter-Fahrrad-Reise-2-1-800x419.jpg 800w, https:\/\/www.traveltelling.net\/wp-content\/uploads\/2019\/04\/Bestesr-GroPro-Adapter-Fahrrad-Reise-2-1.jpg 1200w\" data-sizes=\"auto\" data-orig-sizes=\"(max-width: 1200px) 100vw, 1200px\" \/><p id=\"caption-attachment-14961\" class=\"wp-caption-text\">Bestesr GroPro Adapter Fahrrad Reise<\/p><\/div>\n<p>F\u00fcr weitere Tipps und die Planung deiner pers\u00f6nlichen Ausr\u00fcstung ist es au\u00dferdem hilfreich, den Facebookgruppen <a href=\"https:\/\/www.facebook.com\/groups\/radreisen\/?ref=br_rs\">Radreisen<\/a> und <a href=\"https:\/\/www.facebook.com\/groups\/1409723505720314\/?ref=br_rs\">BikePacking<\/a> beizutreten, in denen du schnell Antworten auf deine Fragen zu Ausr\u00fcstung, Erfahrungen und Packlisten bekommst. In letzterer kannst du Ausr\u00fcstung auch Secondhand kaufen. In unserem Buch \u201e<a href=\"https:\/\/www.traveltelling.net\/de\/e-book-radfahren-radreise-suedosteuropa-donauradweg-eurovelo-6\/\">Abenteuer Donauradweg<\/a>\u201c bekommst du alle Tipps und Erfahrungswerte zur Vorbereitung einer Radreise sowie viele Geschichten, Bilder und Highlights unserer Radreise von Deutschland nach Rum\u00e4nien. Im letzten Kapitel erz\u00e4hlen wir auch, was wir gelernt haben und im Nachhinein anders gemacht h\u00e4tten.<\/p>\n<p><strong>Du reist auch gerne mit dem Rucksack in Asien, S\u00fcdamerika oder Europa? <a href=\"https:\/\/www.traveltelling.net\/de\/reise-erfahrungsbericht-praxistest-bester-handgepaeck-rucksack-osprey-farpoint-40\/\">Hier geht&#8217;s zur<\/a>\u00a0ultimativen Packliste und dem momentan besten Handgep\u00e4cksrucksack.\u00a0<\/strong><\/p>\n<p><em><strong>Transparenzhinweis:<\/strong> Ein paar der Produkte die hier aufgelistet sind, sind mir auf meine Anfrage kostenlos zum Testen zugeschickt worden. Da ich sie f\u00fcr sehr praktisch, innovativ und eindrucksvoll befand, m\u00f6chte ich sie nicht mehr missen und euch nicht vorenthalten! Die gekennzeichneten Links* sind Amazon Affiliate Links. Dir entsteht kein Nachteil \u00fcber den Kauf dieser Links. Ich verdiene jedoch eine kleine Provision f\u00fcr meine Arbeit.<\/em><em>\u00a0Die Meinung ist wie immer meine eigene!<\/em><\/p>\n<h1 style=\"text-align: center;\"><strong>Auf Pinterest!? Pin it! :-)<\/strong><\/h1>\n<p>&nbsp;<\/p>\n<p><img decoding=\"async\" class=\"lazyload aligncenter size-full wp-image-14613\" src=\"https:\/\/www.traveltelling.net\/wp-content\/uploads\/2019\/02\/Radreise-Packliste-2.jpg\" data-orig-src=\"https:\/\/www.traveltelling.net\/wp-content\/uploads\/2019\/02\/Radreise-Packliste-2.jpg\" alt=\"Radreise Packliste f\u00fcr den Sommer in Deutschland &amp; Europa\" width=\"735\" height=\"1102\" srcset=\"data:image\/svg+xml,%3Csvg%20xmlns%3D%27http%3A%2F%2Fwww.w3.org%2F2000%2Fsvg%27%20width%3D%27735%27%20height%3D%271102%27%20viewBox%3D%270%200%20735%201102%27%3E%3Crect%20width%3D%27735%27%20height%3D%271102%27%20fill-opacity%3D%220%22%2F%3E%3C%2Fsvg%3E\" data-srcset=\"https:\/\/www.traveltelling.net\/wp-content\/uploads\/2019\/02\/Radreise-Packliste-2-200x300.jpg 200w, https:\/\/www.traveltelling.net\/wp-content\/uploads\/2019\/02\/Radreise-Packliste-2-400x600.jpg 400w, https:\/\/www.traveltelling.net\/wp-content\/uploads\/2019\/02\/Radreise-Packliste-2-600x900.jpg 600w, https:\/\/www.traveltelling.net\/wp-content\/uploads\/2019\/02\/Radreise-Packliste-2.jpg 735w\" data-sizes=\"auto\" data-orig-sizes=\"(max-width: 735px) 100vw, 735px\" \/><\/p>\n","protected":false},"excerpt":{"rendered":"<p> <a href=\"https:\/\/www.traveltelling.net\/de\/fahrrad-reise-packliste-tipps\/\"> Weiterlesen<\/a><\/p>\n","protected":false},"author":4,"featured_media":14616,"comment_status":"open","ping_status":"open","sticky":false,"template":"","format":"standard","meta":{"footnotes":""},"categories":[868],"tags":[859,937],"class_list":["post-14345","post","type-post","status-publish","format-standard","has-post-thumbnail","hentry","category-reisetipps","tag-donauradweg","tag-radreise"],"yoast_head":"<!-- This site is optimized with the Yoast SEO plugin v27.4 - https:\/\/yoast.com\/product\/yoast-seo-wordpress\/ -->\n<title>Packma\u00df, Gewicht, Komfort: Die beste Packliste f\u00fcr deine Radreise<\/title>\n<meta name=\"description\" content=\"Packma\u00df, Gewicht und Komfort: Die ultimative und ultraleichte Packliste f\u00fcr deine Radreise im Sommer in Deutschland und Europa.\" \/>\n<meta name=\"robots\" content=\"index, follow, max-snippet:-1, max-image-preview:large, max-video-preview:-1\" \/>\n<link rel=\"canonical\" href=\"https:\/\/www.traveltelling.net\/de\/fahrrad-reise-packliste-tipps\/\" \/>\n<meta property=\"og:locale\" content=\"de_DE\" \/>\n<meta property=\"og:type\" content=\"article\" \/>\n<meta property=\"og:title\" content=\"Packma\u00df, Gewicht, Komfort: Die beste Packliste f\u00fcr deine Radreise\" \/>\n<meta property=\"og:description\" content=\"Packma\u00df, Gewicht und Komfort: Die ultimative und ultraleichte Packliste f\u00fcr deine Radreise im Sommer in Deutschland und Europa.\" \/>\n<meta property=\"og:url\" content=\"https:\/\/www.traveltelling.net\/de\/fahrrad-reise-packliste-tipps\/\" \/>\n<meta property=\"og:site_name\" content=\"TravelTelling\" \/>\n<meta property=\"article:publisher\" content=\"https:\/\/www.facebook.com\/traveltelling\" \/>\n<meta property=\"article:author\" content=\"https:\/\/www.facebook.com\/traveltelling\" \/>\n<meta property=\"article:published_time\" content=\"2019-03-01T17:09:01+00:00\" \/>\n<meta property=\"article:modified_time\" content=\"2022-11-15T13:30:55+00:00\" \/>\n<meta property=\"og:image\" content=\"https:\/\/www.traveltelling.net\/wp-content\/uploads\/2019\/02\/Ultimative-Radreise-Packliste-2.jpg\" \/>\n\t<meta property=\"og:image:width\" content=\"1200\" \/>\n\t<meta property=\"og:image:height\" content=\"628\" \/>\n\t<meta property=\"og:image:type\" content=\"image\/jpeg\" \/>\n<meta name=\"author\" content=\"Matthias\" \/>\n<meta name=\"twitter:card\" content=\"summary_large_image\" \/>\n<meta name=\"twitter:creator\" content=\"@traveltelling\" \/>\n<meta name=\"twitter:site\" content=\"@traveltelling\" \/>\n<meta name=\"twitter:label1\" content=\"Verfasst von\" \/>\n\t<meta name=\"twitter:data1\" content=\"Matthias\" \/>\n\t<meta name=\"twitter:label2\" content=\"Gesch\u00e4tzte Lesezeit\" \/>\n\t<meta name=\"twitter:data2\" content=\"11\u00a0Minuten\" \/>\n<script type=\"application\/ld+json\" class=\"yoast-schema-graph\">{\"@context\":\"https:\\\/\\\/schema.org\",\"@graph\":[{\"@type\":\"Article\",\"@id\":\"https:\\\/\\\/www.traveltelling.net\\\/de\\\/fahrrad-reise-packliste-tipps\\\/#article\",\"isPartOf\":{\"@id\":\"https:\\\/\\\/www.traveltelling.net\\\/de\\\/fahrrad-reise-packliste-tipps\\\/\"},\"author\":{\"name\":\"Matthias\",\"@id\":\"https:\\\/\\\/www.traveltelling.net\\\/de\\\/#\\\/schema\\\/person\\\/7549e44813ea4b392a23e4285b95fac4\"},\"headline\":\"Packma\u00df, Gewicht und Komfort: Deine Ultimative Radreise Packliste\",\"datePublished\":\"2019-03-01T17:09:01+00:00\",\"dateModified\":\"2022-11-15T13:30:55+00:00\",\"mainEntityOfPage\":{\"@id\":\"https:\\\/\\\/www.traveltelling.net\\\/de\\\/fahrrad-reise-packliste-tipps\\\/\"},\"wordCount\":1535,\"commentCount\":0,\"image\":{\"@id\":\"https:\\\/\\\/www.traveltelling.net\\\/de\\\/fahrrad-reise-packliste-tipps\\\/#primaryimage\"},\"thumbnailUrl\":\"https:\\\/\\\/www.traveltelling.net\\\/wp-content\\\/uploads\\\/2019\\\/02\\\/Ultimative-Radreise-Packliste-2.jpg\",\"keywords\":[\"Donauradweg\",\"Radreise\"],\"articleSection\":[\"Reisetipps\"],\"inLanguage\":\"de\",\"potentialAction\":[{\"@type\":\"CommentAction\",\"name\":\"Comment\",\"target\":[\"https:\\\/\\\/www.traveltelling.net\\\/de\\\/fahrrad-reise-packliste-tipps\\\/#respond\"]}]},{\"@type\":\"WebPage\",\"@id\":\"https:\\\/\\\/www.traveltelling.net\\\/de\\\/fahrrad-reise-packliste-tipps\\\/\",\"url\":\"https:\\\/\\\/www.traveltelling.net\\\/de\\\/fahrrad-reise-packliste-tipps\\\/\",\"name\":\"Packma\u00df, Gewicht, Komfort: Die beste Packliste f\u00fcr deine Radreise\",\"isPartOf\":{\"@id\":\"https:\\\/\\\/www.traveltelling.net\\\/de\\\/#website\"},\"primaryImageOfPage\":{\"@id\":\"https:\\\/\\\/www.traveltelling.net\\\/de\\\/fahrrad-reise-packliste-tipps\\\/#primaryimage\"},\"image\":{\"@id\":\"https:\\\/\\\/www.traveltelling.net\\\/de\\\/fahrrad-reise-packliste-tipps\\\/#primaryimage\"},\"thumbnailUrl\":\"https:\\\/\\\/www.traveltelling.net\\\/wp-content\\\/uploads\\\/2019\\\/02\\\/Ultimative-Radreise-Packliste-2.jpg\",\"datePublished\":\"2019-03-01T17:09:01+00:00\",\"dateModified\":\"2022-11-15T13:30:55+00:00\",\"author\":{\"@id\":\"https:\\\/\\\/www.traveltelling.net\\\/de\\\/#\\\/schema\\\/person\\\/7549e44813ea4b392a23e4285b95fac4\"},\"description\":\"Packma\u00df, Gewicht und Komfort: Die ultimative und ultraleichte Packliste f\u00fcr deine Radreise im Sommer in Deutschland und Europa.\",\"breadcrumb\":{\"@id\":\"https:\\\/\\\/www.traveltelling.net\\\/de\\\/fahrrad-reise-packliste-tipps\\\/#breadcrumb\"},\"inLanguage\":\"de\",\"potentialAction\":[{\"@type\":\"ReadAction\",\"target\":[\"https:\\\/\\\/www.traveltelling.net\\\/de\\\/fahrrad-reise-packliste-tipps\\\/\"]}]},{\"@type\":\"ImageObject\",\"inLanguage\":\"de\",\"@id\":\"https:\\\/\\\/www.traveltelling.net\\\/de\\\/fahrrad-reise-packliste-tipps\\\/#primaryimage\",\"url\":\"https:\\\/\\\/www.traveltelling.net\\\/wp-content\\\/uploads\\\/2019\\\/02\\\/Ultimative-Radreise-Packliste-2.jpg\",\"contentUrl\":\"https:\\\/\\\/www.traveltelling.net\\\/wp-content\\\/uploads\\\/2019\\\/02\\\/Ultimative-Radreise-Packliste-2.jpg\",\"width\":1200,\"height\":628,\"caption\":\"Radreise Packliste f\u00fcr den Sommer in Deutschland & Europa\"},{\"@type\":\"BreadcrumbList\",\"@id\":\"https:\\\/\\\/www.traveltelling.net\\\/de\\\/fahrrad-reise-packliste-tipps\\\/#breadcrumb\",\"itemListElement\":[{\"@type\":\"ListItem\",\"position\":1,\"name\":\"Startseite\",\"item\":\"https:\\\/\\\/www.traveltelling.net\\\/de\\\/\"},{\"@type\":\"ListItem\",\"position\":2,\"name\":\"Packma\u00df, Gewicht und Komfort: Deine Ultimative Radreise Packliste\"}]},{\"@type\":\"WebSite\",\"@id\":\"https:\\\/\\\/www.traveltelling.net\\\/de\\\/#website\",\"url\":\"https:\\\/\\\/www.traveltelling.net\\\/de\\\/\",\"name\":\"TravelTelling\",\"description\":\"Reiseberichte | Abenteuer | SlowTravel\",\"potentialAction\":[{\"@type\":\"SearchAction\",\"target\":{\"@type\":\"EntryPoint\",\"urlTemplate\":\"https:\\\/\\\/www.traveltelling.net\\\/de\\\/?s={search_term_string}\"},\"query-input\":{\"@type\":\"PropertyValueSpecification\",\"valueRequired\":true,\"valueName\":\"search_term_string\"}}],\"inLanguage\":\"de\"},{\"@type\":\"Person\",\"@id\":\"https:\\\/\\\/www.traveltelling.net\\\/de\\\/#\\\/schema\\\/person\\\/7549e44813ea4b392a23e4285b95fac4\",\"name\":\"Matthias\",\"image\":{\"@type\":\"ImageObject\",\"inLanguage\":\"de\",\"@id\":\"https:\\\/\\\/secure.gravatar.com\\\/avatar\\\/4edbfecaedc483864ee39ad53461d94aefe2719d1ed41994034d47bb3623ae6b?s=96&d=mm&r=g\",\"url\":\"https:\\\/\\\/secure.gravatar.com\\\/avatar\\\/4edbfecaedc483864ee39ad53461d94aefe2719d1ed41994034d47bb3623ae6b?s=96&d=mm&r=g\",\"contentUrl\":\"https:\\\/\\\/secure.gravatar.com\\\/avatar\\\/4edbfecaedc483864ee39ad53461d94aefe2719d1ed41994034d47bb3623ae6b?s=96&d=mm&r=g\",\"caption\":\"Matthias\"},\"description\":\"\u201eTravel is not reward for working, it\u2019s education for living\u201c.\u00a0Anthony Bourdain Hi, ich bin Matthias und reise gerne fernab der Massentourismuspfade, aktiv und abenteuerlich, aber zugleich auch genussvoll und entschleunigt. Am liebsten mit Rad, Rucksack oder Handgep\u00e4ck. Auf diesem Blog findest du neben Reiseberichten und Tipps auch Interviews, Gedanken, Gastartikel und viele Eindr\u00fccke zum Reisen mit dem Fahrrad.\",\"sameAs\":[\"https:\\\/\\\/www.traveltelling.net\\\/\",\"https:\\\/\\\/www.facebook.com\\\/traveltelling\",\"https:\\\/\\\/x.com\\\/traveltelling\"],\"url\":\"https:\\\/\\\/www.traveltelling.net\\\/de\\\/author\\\/matthias\\\/\"}]}<\/script>\n<!-- \/ Yoast SEO plugin. -->","yoast_head_json":{"title":"Packma\u00df, Gewicht, Komfort: Die beste Packliste f\u00fcr deine Radreise","description":"Packma\u00df, Gewicht und Komfort: Die ultimative und ultraleichte Packliste f\u00fcr deine Radreise im Sommer in Deutschland und Europa.","robots":{"index":"index","follow":"follow","max-snippet":"max-snippet:-1","max-image-preview":"max-image-preview:large","max-video-preview":"max-video-preview:-1"},"canonical":"https:\/\/www.traveltelling.net\/de\/fahrrad-reise-packliste-tipps\/","og_locale":"de_DE","og_type":"article","og_title":"Packma\u00df, Gewicht, Komfort: Die beste Packliste f\u00fcr deine Radreise","og_description":"Packma\u00df, Gewicht und Komfort: Die ultimative und ultraleichte Packliste f\u00fcr deine Radreise im Sommer in Deutschland und Europa.","og_url":"https:\/\/www.traveltelling.net\/de\/fahrrad-reise-packliste-tipps\/","og_site_name":"TravelTelling","article_publisher":"https:\/\/www.facebook.com\/traveltelling","article_author":"https:\/\/www.facebook.com\/traveltelling","article_published_time":"2019-03-01T17:09:01+00:00","article_modified_time":"2022-11-15T13:30:55+00:00","og_image":[{"width":1200,"height":628,"url":"https:\/\/www.traveltelling.net\/wp-content\/uploads\/2019\/02\/Ultimative-Radreise-Packliste-2.jpg","type":"image\/jpeg"}],"author":"Matthias","twitter_card":"summary_large_image","twitter_creator":"@traveltelling","twitter_site":"@traveltelling","twitter_misc":{"Verfasst von":"Matthias","Gesch\u00e4tzte Lesezeit":"11\u00a0Minuten"},"schema":{"@context":"https:\/\/schema.org","@graph":[{"@type":"Article","@id":"https:\/\/www.traveltelling.net\/de\/fahrrad-reise-packliste-tipps\/#article","isPartOf":{"@id":"https:\/\/www.traveltelling.net\/de\/fahrrad-reise-packliste-tipps\/"},"author":{"name":"Matthias","@id":"https:\/\/www.traveltelling.net\/de\/#\/schema\/person\/7549e44813ea4b392a23e4285b95fac4"},"headline":"Packma\u00df, Gewicht und Komfort: Deine Ultimative Radreise Packliste","datePublished":"2019-03-01T17:09:01+00:00","dateModified":"2022-11-15T13:30:55+00:00","mainEntityOfPage":{"@id":"https:\/\/www.traveltelling.net\/de\/fahrrad-reise-packliste-tipps\/"},"wordCount":1535,"commentCount":0,"image":{"@id":"https:\/\/www.traveltelling.net\/de\/fahrrad-reise-packliste-tipps\/#primaryimage"},"thumbnailUrl":"https:\/\/www.traveltelling.net\/wp-content\/uploads\/2019\/02\/Ultimative-Radreise-Packliste-2.jpg","keywords":["Donauradweg","Radreise"],"articleSection":["Reisetipps"],"inLanguage":"de","potentialAction":[{"@type":"CommentAction","name":"Comment","target":["https:\/\/www.traveltelling.net\/de\/fahrrad-reise-packliste-tipps\/#respond"]}]},{"@type":"WebPage","@id":"https:\/\/www.traveltelling.net\/de\/fahrrad-reise-packliste-tipps\/","url":"https:\/\/www.traveltelling.net\/de\/fahrrad-reise-packliste-tipps\/","name":"Packma\u00df, Gewicht, Komfort: Die beste Packliste f\u00fcr deine Radreise","isPartOf":{"@id":"https:\/\/www.traveltelling.net\/de\/#website"},"primaryImageOfPage":{"@id":"https:\/\/www.traveltelling.net\/de\/fahrrad-reise-packliste-tipps\/#primaryimage"},"image":{"@id":"https:\/\/www.traveltelling.net\/de\/fahrrad-reise-packliste-tipps\/#primaryimage"},"thumbnailUrl":"https:\/\/www.traveltelling.net\/wp-content\/uploads\/2019\/02\/Ultimative-Radreise-Packliste-2.jpg","datePublished":"2019-03-01T17:09:01+00:00","dateModified":"2022-11-15T13:30:55+00:00","author":{"@id":"https:\/\/www.traveltelling.net\/de\/#\/schema\/person\/7549e44813ea4b392a23e4285b95fac4"},"description":"Packma\u00df, Gewicht und Komfort: Die ultimative und ultraleichte Packliste f\u00fcr deine Radreise im Sommer in Deutschland und Europa.","breadcrumb":{"@id":"https:\/\/www.traveltelling.net\/de\/fahrrad-reise-packliste-tipps\/#breadcrumb"},"inLanguage":"de","potentialAction":[{"@type":"ReadAction","target":["https:\/\/www.traveltelling.net\/de\/fahrrad-reise-packliste-tipps\/"]}]},{"@type":"ImageObject","inLanguage":"de","@id":"https:\/\/www.traveltelling.net\/de\/fahrrad-reise-packliste-tipps\/#primaryimage","url":"https:\/\/www.traveltelling.net\/wp-content\/uploads\/2019\/02\/Ultimative-Radreise-Packliste-2.jpg","contentUrl":"https:\/\/www.traveltelling.net\/wp-content\/uploads\/2019\/02\/Ultimative-Radreise-Packliste-2.jpg","width":1200,"height":628,"caption":"Radreise Packliste f\u00fcr den Sommer in Deutschland & Europa"},{"@type":"BreadcrumbList","@id":"https:\/\/www.traveltelling.net\/de\/fahrrad-reise-packliste-tipps\/#breadcrumb","itemListElement":[{"@type":"ListItem","position":1,"name":"Startseite","item":"https:\/\/www.traveltelling.net\/de\/"},{"@type":"ListItem","position":2,"name":"Packma\u00df, Gewicht und Komfort: Deine Ultimative Radreise Packliste"}]},{"@type":"WebSite","@id":"https:\/\/www.traveltelling.net\/de\/#website","url":"https:\/\/www.traveltelling.net\/de\/","name":"TravelTelling","description":"Reiseberichte | Abenteuer | SlowTravel","potentialAction":[{"@type":"SearchAction","target":{"@type":"EntryPoint","urlTemplate":"https:\/\/www.traveltelling.net\/de\/?s={search_term_string}"},"query-input":{"@type":"PropertyValueSpecification","valueRequired":true,"valueName":"search_term_string"}}],"inLanguage":"de"},{"@type":"Person","@id":"https:\/\/www.traveltelling.net\/de\/#\/schema\/person\/7549e44813ea4b392a23e4285b95fac4","name":"Matthias","image":{"@type":"ImageObject","inLanguage":"de","@id":"https:\/\/secure.gravatar.com\/avatar\/4edbfecaedc483864ee39ad53461d94aefe2719d1ed41994034d47bb3623ae6b?s=96&d=mm&r=g","url":"https:\/\/secure.gravatar.com\/avatar\/4edbfecaedc483864ee39ad53461d94aefe2719d1ed41994034d47bb3623ae6b?s=96&d=mm&r=g","contentUrl":"https:\/\/secure.gravatar.com\/avatar\/4edbfecaedc483864ee39ad53461d94aefe2719d1ed41994034d47bb3623ae6b?s=96&d=mm&r=g","caption":"Matthias"},"description":"\u201eTravel is not reward for working, it\u2019s education for living\u201c.\u00a0Anthony Bourdain Hi, ich bin Matthias und reise gerne fernab der Massentourismuspfade, aktiv und abenteuerlich, aber zugleich auch genussvoll und entschleunigt. Am liebsten mit Rad, Rucksack oder Handgep\u00e4ck. Auf diesem Blog findest du neben Reiseberichten und Tipps auch Interviews, Gedanken, Gastartikel und viele Eindr\u00fccke zum Reisen mit dem Fahrrad.","sameAs":["https:\/\/www.traveltelling.net\/","https:\/\/www.facebook.com\/traveltelling","https:\/\/x.com\/traveltelling"],"url":"https:\/\/www.traveltelling.net\/de\/author\/matthias\/"}]}},"_links":{"self":[{"href":"https:\/\/www.traveltelling.net\/de\/wp-json\/wp\/v2\/posts\/14345","targetHints":{"allow":["GET"]}}],"collection":[{"href":"https:\/\/www.traveltelling.net\/de\/wp-json\/wp\/v2\/posts"}],"about":[{"href":"https:\/\/www.traveltelling.net\/de\/wp-json\/wp\/v2\/types\/post"}],"author":[{"embeddable":true,"href":"https:\/\/www.traveltelling.net\/de\/wp-json\/wp\/v2\/users\/4"}],"replies":[{"embeddable":true,"href":"https:\/\/www.traveltelling.net\/de\/wp-json\/wp\/v2\/comments?post=14345"}],"version-history":[{"count":0,"href":"https:\/\/www.traveltelling.net\/de\/wp-json\/wp\/v2\/posts\/14345\/revisions"}],"wp:featuredmedia":[{"embeddable":true,"href":"https:\/\/www.traveltelling.net\/de\/wp-json\/wp\/v2\/media\/14616"}],"wp:attachment":[{"href":"https:\/\/www.traveltelling.net\/de\/wp-json\/wp\/v2\/media?parent=14345"}],"wp:term":[{"taxonomy":"category","embeddable":true,"href":"https:\/\/www.traveltelling.net\/de\/wp-json\/wp\/v2\/categories?post=14345"},{"taxonomy":"post_tag","embeddable":true,"href":"https:\/\/www.traveltelling.net\/de\/wp-json\/wp\/v2\/tags?post=14345"}],"curies":[{"name":"wp","href":"https:\/\/api.w.org\/{rel}","templated":true}]}}