{"id":14461,"date":"2019-02-14T11:53:27","date_gmt":"2019-02-14T10:53:27","guid":{"rendered":"https:\/\/www.traveltelling.net\/?p=14461"},"modified":"2020-10-31T10:19:21","modified_gmt":"2020-10-31T09:19:21","slug":"fahrrad-tour-schweriner-see-radweg-blaue-acht","status":"publish","type":"post","link":"https:\/\/www.traveltelling.net\/de\/fahrrad-tour-schweriner-see-radweg-blaue-acht\/","title":{"rendered":"Eine Radtour am Schweriner See durch vier Jahreszeiten"},"content":{"rendered":"<p>Ein bisschen l\u00e4nger als ein Jahr lebe ich nun in meiner neuen Heimat Schwerin. Die Stadt besteht zu jeweils einem Drittel aus Wasser, einem Drittel Gr\u00fcnfl\u00e4che und einem Drittel bebauter Fl\u00e4che. Richtig lebenswert hier! Unsere Wohnung liegt nur 5 Minuten zu Fu\u00df vom Schweriner See entfernt.<\/p>\n<p>Egal zu welcher Jahreszeit, am Schweriner See ist es einfach immer sch\u00f6n. Ich hatte totales Gl\u00fcck im Jahre 2018 hierhergezogen zu sein. Denn der Winter war eisig kalt, sodass jeder See der sogenannten Sieben Seen Stadt f\u00fcr mehr als sechs Wochen richtig fest zugefroren war. Und das passiert hier oben wirklich selten. Und als w\u00e4re das nicht schon besonders genug gewesen, folgte im Anschluss auch noch der Jahrhundertsommer. Ein Tr\u00e4umchen und ich bin so \u00fcbergl\u00fccklich, dieses tolle Jahr hier umgeben von solch idyllischer Natur erlebt haben zu d\u00fcrfen. Aber nun geht\u2019s los. Darf ich vorstellen: Eine Radtour am Schweriner See durch vier Jahreszeiten!<\/p>\n<h2>1. Startpunkt: Schweriner Schloss und Schlossgarten<\/h2>\n<p><img decoding=\"async\" class=\"lazyload aligncenter size-full wp-image-19245\" src=\"https:\/\/www.traveltelling.net\/wp-content\/uploads\/2019\/02\/Blaue-Acht-Schweriner-See-Radtour-11.jpg\" data-orig-src=\"https:\/\/www.traveltelling.net\/wp-content\/uploads\/2019\/02\/Blaue-Acht-Schweriner-See-Radtour-11.jpg\" alt=\"\" width=\"2300\" height=\"1200\" srcset=\"data:image\/svg+xml,%3Csvg%20xmlns%3D%27http%3A%2F%2Fwww.w3.org%2F2000%2Fsvg%27%20width%3D%272300%27%20height%3D%271200%27%20viewBox%3D%270%200%202300%201200%27%3E%3Crect%20width%3D%272300%27%20height%3D%271200%27%20fill-opacity%3D%220%22%2F%3E%3C%2Fsvg%3E\" data-srcset=\"https:\/\/www.traveltelling.net\/wp-content\/uploads\/2019\/02\/Blaue-Acht-Schweriner-See-Radtour-11-200x104.jpg 200w, https:\/\/www.traveltelling.net\/wp-content\/uploads\/2019\/02\/Blaue-Acht-Schweriner-See-Radtour-11-400x209.jpg 400w, https:\/\/www.traveltelling.net\/wp-content\/uploads\/2019\/02\/Blaue-Acht-Schweriner-See-Radtour-11-600x313.jpg 600w, https:\/\/www.traveltelling.net\/wp-content\/uploads\/2019\/02\/Blaue-Acht-Schweriner-See-Radtour-11-800x417.jpg 800w, https:\/\/www.traveltelling.net\/wp-content\/uploads\/2019\/02\/Blaue-Acht-Schweriner-See-Radtour-11-1200x626.jpg 1200w, https:\/\/www.traveltelling.net\/wp-content\/uploads\/2019\/02\/Blaue-Acht-Schweriner-See-Radtour-11-1536x801.jpg 1536w, https:\/\/www.traveltelling.net\/wp-content\/uploads\/2019\/02\/Blaue-Acht-Schweriner-See-Radtour-11.jpg 2300w\" data-sizes=\"auto\" data-orig-sizes=\"(max-width: 2300px) 100vw, 2300px\" \/><\/p>\n<p>&nbsp;<\/p>\n<p><img decoding=\"async\" class=\"lazyload aligncenter size-full wp-image-19247\" src=\"https:\/\/www.traveltelling.net\/wp-content\/uploads\/2019\/02\/Blaue-Acht-Schweriner-See-Radtour-1.jpg\" data-orig-src=\"https:\/\/www.traveltelling.net\/wp-content\/uploads\/2019\/02\/Blaue-Acht-Schweriner-See-Radtour-1.jpg\" alt=\"\" width=\"1200\" height=\"1800\" srcset=\"data:image\/svg+xml,%3Csvg%20xmlns%3D%27http%3A%2F%2Fwww.w3.org%2F2000%2Fsvg%27%20width%3D%271200%27%20height%3D%271800%27%20viewBox%3D%270%200%201200%201800%27%3E%3Crect%20width%3D%271200%27%20height%3D%271800%27%20fill-opacity%3D%220%22%2F%3E%3C%2Fsvg%3E\" data-srcset=\"https:\/\/www.traveltelling.net\/wp-content\/uploads\/2019\/02\/Blaue-Acht-Schweriner-See-Radtour-1-200x300.jpg 200w, https:\/\/www.traveltelling.net\/wp-content\/uploads\/2019\/02\/Blaue-Acht-Schweriner-See-Radtour-1-400x600.jpg 400w, https:\/\/www.traveltelling.net\/wp-content\/uploads\/2019\/02\/Blaue-Acht-Schweriner-See-Radtour-1-600x900.jpg 600w, https:\/\/www.traveltelling.net\/wp-content\/uploads\/2019\/02\/Blaue-Acht-Schweriner-See-Radtour-1-800x1200.jpg 800w, https:\/\/www.traveltelling.net\/wp-content\/uploads\/2019\/02\/Blaue-Acht-Schweriner-See-Radtour-1-1024x1536.jpg 1024w, https:\/\/www.traveltelling.net\/wp-content\/uploads\/2019\/02\/Blaue-Acht-Schweriner-See-Radtour-1.jpg 1200w\" data-sizes=\"auto\" data-orig-sizes=\"(max-width: 1200px) 100vw, 1200px\" \/><\/p>\n<p>&nbsp;<\/p>\n<p><img decoding=\"async\" class=\"lazyload size-full wp-image-19249 aligncenter\" src=\"https:\/\/www.traveltelling.net\/wp-content\/uploads\/2019\/02\/Blaue-Acht-Schweriner-See-Radtour-2.jpg\" data-orig-src=\"https:\/\/www.traveltelling.net\/wp-content\/uploads\/2019\/02\/Blaue-Acht-Schweriner-See-Radtour-2.jpg\" alt=\"\" width=\"1200\" height=\"1480\" srcset=\"data:image\/svg+xml,%3Csvg%20xmlns%3D%27http%3A%2F%2Fwww.w3.org%2F2000%2Fsvg%27%20width%3D%271200%27%20height%3D%271480%27%20viewBox%3D%270%200%201200%201480%27%3E%3Crect%20width%3D%271200%27%20height%3D%271480%27%20fill-opacity%3D%220%22%2F%3E%3C%2Fsvg%3E\" data-srcset=\"https:\/\/www.traveltelling.net\/wp-content\/uploads\/2019\/02\/Blaue-Acht-Schweriner-See-Radtour-2-200x247.jpg 200w, https:\/\/www.traveltelling.net\/wp-content\/uploads\/2019\/02\/Blaue-Acht-Schweriner-See-Radtour-2-400x493.jpg 400w, https:\/\/www.traveltelling.net\/wp-content\/uploads\/2019\/02\/Blaue-Acht-Schweriner-See-Radtour-2-600x740.jpg 600w, https:\/\/www.traveltelling.net\/wp-content\/uploads\/2019\/02\/Blaue-Acht-Schweriner-See-Radtour-2-800x987.jpg 800w, https:\/\/www.traveltelling.net\/wp-content\/uploads\/2019\/02\/Blaue-Acht-Schweriner-See-Radtour-2.jpg 1200w\" data-sizes=\"auto\" data-orig-sizes=\"(max-width: 1200px) 100vw, 1200px\" \/><\/p>\n<h2>2. Der Steg \u201e Adebors N\u00e4s\u201c<\/h2>\n<p><img decoding=\"async\" class=\"lazyload aligncenter size-full wp-image-19263\" src=\"https:\/\/www.traveltelling.net\/wp-content\/uploads\/2019\/02\/Steg-Adebors-Naes-Schweriner-See-Radtour-Blaue-Acht.jpg\" data-orig-src=\"https:\/\/www.traveltelling.net\/wp-content\/uploads\/2019\/02\/Steg-Adebors-Naes-Schweriner-See-Radtour-Blaue-Acht.jpg\" alt=\"\" width=\"1600\" height=\"1200\" srcset=\"data:image\/svg+xml,%3Csvg%20xmlns%3D%27http%3A%2F%2Fwww.w3.org%2F2000%2Fsvg%27%20width%3D%271600%27%20height%3D%271200%27%20viewBox%3D%270%200%201600%201200%27%3E%3Crect%20width%3D%271600%27%20height%3D%271200%27%20fill-opacity%3D%220%22%2F%3E%3C%2Fsvg%3E\" data-srcset=\"https:\/\/www.traveltelling.net\/wp-content\/uploads\/2019\/02\/Steg-Adebors-Naes-Schweriner-See-Radtour-Blaue-Acht-200x150.jpg 200w, https:\/\/www.traveltelling.net\/wp-content\/uploads\/2019\/02\/Steg-Adebors-Naes-Schweriner-See-Radtour-Blaue-Acht-400x300.jpg 400w, https:\/\/www.traveltelling.net\/wp-content\/uploads\/2019\/02\/Steg-Adebors-Naes-Schweriner-See-Radtour-Blaue-Acht-600x450.jpg 600w, https:\/\/www.traveltelling.net\/wp-content\/uploads\/2019\/02\/Steg-Adebors-Naes-Schweriner-See-Radtour-Blaue-Acht-800x600.jpg 800w, https:\/\/www.traveltelling.net\/wp-content\/uploads\/2019\/02\/Steg-Adebors-Naes-Schweriner-See-Radtour-Blaue-Acht-1200x900.jpg 1200w, https:\/\/www.traveltelling.net\/wp-content\/uploads\/2019\/02\/Steg-Adebors-Naes-Schweriner-See-Radtour-Blaue-Acht-1536x1152.jpg 1536w, https:\/\/www.traveltelling.net\/wp-content\/uploads\/2019\/02\/Steg-Adebors-Naes-Schweriner-See-Radtour-Blaue-Acht.jpg 1600w\" data-sizes=\"auto\" data-orig-sizes=\"(max-width: 1600px) 100vw, 1600px\" \/><\/p>\n<p>&nbsp;<\/p>\n<p><img decoding=\"async\" class=\"lazyload aligncenter size-full wp-image-14464\" src=\"https:\/\/www.traveltelling.net\/wp-content\/uploads\/2019\/01\/Radtour-Shweriner-See-3.jpg\" data-orig-src=\"https:\/\/www.traveltelling.net\/wp-content\/uploads\/2019\/01\/Radtour-Shweriner-See-3.jpg\" alt=\"Sch\u00f6ne Pl\u00e4tze am Schweriner See \" width=\"1600\" height=\"1200\" srcset=\"data:image\/svg+xml,%3Csvg%20xmlns%3D%27http%3A%2F%2Fwww.w3.org%2F2000%2Fsvg%27%20width%3D%271600%27%20height%3D%271200%27%20viewBox%3D%270%200%201600%201200%27%3E%3Crect%20width%3D%271600%27%20height%3D%271200%27%20fill-opacity%3D%220%22%2F%3E%3C%2Fsvg%3E\" data-srcset=\"https:\/\/www.traveltelling.net\/wp-content\/uploads\/2019\/01\/Radtour-Shweriner-See-3-200x150.jpg 200w, https:\/\/www.traveltelling.net\/wp-content\/uploads\/2019\/01\/Radtour-Shweriner-See-3-400x300.jpg 400w, https:\/\/www.traveltelling.net\/wp-content\/uploads\/2019\/01\/Radtour-Shweriner-See-3-600x450.jpg 600w, https:\/\/www.traveltelling.net\/wp-content\/uploads\/2019\/01\/Radtour-Shweriner-See-3-800x600.jpg 800w, https:\/\/www.traveltelling.net\/wp-content\/uploads\/2019\/01\/Radtour-Shweriner-See-3-1200x900.jpg 1200w, https:\/\/www.traveltelling.net\/wp-content\/uploads\/2019\/01\/Radtour-Shweriner-See-3-1536x1152.jpg 1536w, https:\/\/www.traveltelling.net\/wp-content\/uploads\/2019\/01\/Radtour-Shweriner-See-3.jpg 1600w\" data-sizes=\"auto\" data-orig-sizes=\"(max-width: 1600px) 100vw, 1600px\" \/><\/p>\n<h2>3. Sibirischer Winter am Schweriner See<\/h2>\n<p><img decoding=\"async\" class=\"lazyload aligncenter size-full wp-image-14466\" src=\"https:\/\/www.traveltelling.net\/wp-content\/uploads\/2019\/01\/Radtour-Shweriner-See-4.jpg\" data-orig-src=\"https:\/\/www.traveltelling.net\/wp-content\/uploads\/2019\/01\/Radtour-Shweriner-See-4.jpg\" alt=\"Sch\u00f6ne Pl\u00e4tze am Schweriner See \" width=\"1600\" height=\"1200\" srcset=\"data:image\/svg+xml,%3Csvg%20xmlns%3D%27http%3A%2F%2Fwww.w3.org%2F2000%2Fsvg%27%20width%3D%271600%27%20height%3D%271200%27%20viewBox%3D%270%200%201600%201200%27%3E%3Crect%20width%3D%271600%27%20height%3D%271200%27%20fill-opacity%3D%220%22%2F%3E%3C%2Fsvg%3E\" data-srcset=\"https:\/\/www.traveltelling.net\/wp-content\/uploads\/2019\/01\/Radtour-Shweriner-See-4-200x150.jpg 200w, https:\/\/www.traveltelling.net\/wp-content\/uploads\/2019\/01\/Radtour-Shweriner-See-4-400x300.jpg 400w, https:\/\/www.traveltelling.net\/wp-content\/uploads\/2019\/01\/Radtour-Shweriner-See-4-600x450.jpg 600w, https:\/\/www.traveltelling.net\/wp-content\/uploads\/2019\/01\/Radtour-Shweriner-See-4-800x600.jpg 800w, https:\/\/www.traveltelling.net\/wp-content\/uploads\/2019\/01\/Radtour-Shweriner-See-4-1200x900.jpg 1200w, https:\/\/www.traveltelling.net\/wp-content\/uploads\/2019\/01\/Radtour-Shweriner-See-4-1536x1152.jpg 1536w, https:\/\/www.traveltelling.net\/wp-content\/uploads\/2019\/01\/Radtour-Shweriner-See-4.jpg 1600w\" data-sizes=\"auto\" data-orig-sizes=\"(max-width: 1600px) 100vw, 1600px\" \/><\/p>\n<h2>4. -18 Grad! Und das \u00fcber mehrere Wochen<\/h2>\n<p><img decoding=\"async\" class=\"lazyload aligncenter size-full wp-image-18374\" src=\"https:\/\/www.traveltelling.net\/wp-content\/uploads\/2019\/01\/GOPR0662_1520080819106_high-02-01.jpg\" data-orig-src=\"https:\/\/www.traveltelling.net\/wp-content\/uploads\/2019\/01\/GOPR0662_1520080819106_high-02-01.jpg\" alt=\"\" width=\"1600\" height=\"1200\" srcset=\"data:image\/svg+xml,%3Csvg%20xmlns%3D%27http%3A%2F%2Fwww.w3.org%2F2000%2Fsvg%27%20width%3D%271600%27%20height%3D%271200%27%20viewBox%3D%270%200%201600%201200%27%3E%3Crect%20width%3D%271600%27%20height%3D%271200%27%20fill-opacity%3D%220%22%2F%3E%3C%2Fsvg%3E\" data-srcset=\"https:\/\/www.traveltelling.net\/wp-content\/uploads\/2019\/01\/GOPR0662_1520080819106_high-02-01-200x150.jpg 200w, https:\/\/www.traveltelling.net\/wp-content\/uploads\/2019\/01\/GOPR0662_1520080819106_high-02-01-400x300.jpg 400w, https:\/\/www.traveltelling.net\/wp-content\/uploads\/2019\/01\/GOPR0662_1520080819106_high-02-01-600x450.jpg 600w, https:\/\/www.traveltelling.net\/wp-content\/uploads\/2019\/01\/GOPR0662_1520080819106_high-02-01-800x600.jpg 800w, https:\/\/www.traveltelling.net\/wp-content\/uploads\/2019\/01\/GOPR0662_1520080819106_high-02-01-1200x900.jpg 1200w, https:\/\/www.traveltelling.net\/wp-content\/uploads\/2019\/01\/GOPR0662_1520080819106_high-02-01-1536x1152.jpg 1536w, https:\/\/www.traveltelling.net\/wp-content\/uploads\/2019\/01\/GOPR0662_1520080819106_high-02-01.jpg 1600w\" data-sizes=\"auto\" data-orig-sizes=\"(max-width: 1600px) 100vw, 1600px\" \/><\/p>\n<h2>5.\u00a0 2. April 2018: Gestern -5, heute +15 Grad. Der Fr\u00fchling ist da, aber noch ist alles tiefgefroren<\/h2>\n<p><img decoding=\"async\" class=\"lazyload aligncenter size-full wp-image-14526\" src=\"https:\/\/www.traveltelling.net\/wp-content\/uploads\/2019\/01\/Radtour-Schweriner-See-2.jpg\" data-orig-src=\"https:\/\/www.traveltelling.net\/wp-content\/uploads\/2019\/01\/Radtour-Schweriner-See-2.jpg\" alt=\"Winter in Schwerin \" width=\"1600\" height=\"1200\" srcset=\"data:image\/svg+xml,%3Csvg%20xmlns%3D%27http%3A%2F%2Fwww.w3.org%2F2000%2Fsvg%27%20width%3D%271600%27%20height%3D%271200%27%20viewBox%3D%270%200%201600%201200%27%3E%3Crect%20width%3D%271600%27%20height%3D%271200%27%20fill-opacity%3D%220%22%2F%3E%3C%2Fsvg%3E\" data-srcset=\"https:\/\/www.traveltelling.net\/wp-content\/uploads\/2019\/01\/Radtour-Schweriner-See-2-200x150.jpg 200w, https:\/\/www.traveltelling.net\/wp-content\/uploads\/2019\/01\/Radtour-Schweriner-See-2-400x300.jpg 400w, https:\/\/www.traveltelling.net\/wp-content\/uploads\/2019\/01\/Radtour-Schweriner-See-2-600x450.jpg 600w, https:\/\/www.traveltelling.net\/wp-content\/uploads\/2019\/01\/Radtour-Schweriner-See-2-800x600.jpg 800w, https:\/\/www.traveltelling.net\/wp-content\/uploads\/2019\/01\/Radtour-Schweriner-See-2-1200x900.jpg 1200w, https:\/\/www.traveltelling.net\/wp-content\/uploads\/2019\/01\/Radtour-Schweriner-See-2-1536x1152.jpg 1536w, https:\/\/www.traveltelling.net\/wp-content\/uploads\/2019\/01\/Radtour-Schweriner-See-2.jpg 1600w\" data-sizes=\"auto\" data-orig-sizes=\"(max-width: 1600px) 100vw, 1600px\" \/><\/p>\n<h2>6.\u00a0 13. Mai 2018: Gerade mal f\u00fcnf Wochen sp\u00e4ter beginnt hier schon die Badesaison<\/h2>\n<p><img decoding=\"async\" class=\"lazyload size-full wp-image-14508 aligncenter\" src=\"https:\/\/www.traveltelling.net\/wp-content\/uploads\/2019\/01\/Radtour-Shweriner-See-37.jpg\" data-orig-src=\"https:\/\/www.traveltelling.net\/wp-content\/uploads\/2019\/01\/Radtour-Shweriner-See-37.jpg\" alt=\"\" width=\"1439\" height=\"1200\" srcset=\"data:image\/svg+xml,%3Csvg%20xmlns%3D%27http%3A%2F%2Fwww.w3.org%2F2000%2Fsvg%27%20width%3D%271439%27%20height%3D%271200%27%20viewBox%3D%270%200%201439%201200%27%3E%3Crect%20width%3D%271439%27%20height%3D%271200%27%20fill-opacity%3D%220%22%2F%3E%3C%2Fsvg%3E\" data-srcset=\"https:\/\/www.traveltelling.net\/wp-content\/uploads\/2019\/01\/Radtour-Shweriner-See-37-200x167.jpg 200w, https:\/\/www.traveltelling.net\/wp-content\/uploads\/2019\/01\/Radtour-Shweriner-See-37-400x334.jpg 400w, https:\/\/www.traveltelling.net\/wp-content\/uploads\/2019\/01\/Radtour-Shweriner-See-37-600x500.jpg 600w, https:\/\/www.traveltelling.net\/wp-content\/uploads\/2019\/01\/Radtour-Shweriner-See-37-800x667.jpg 800w, https:\/\/www.traveltelling.net\/wp-content\/uploads\/2019\/01\/Radtour-Shweriner-See-37-1200x1001.jpg 1200w, https:\/\/www.traveltelling.net\/wp-content\/uploads\/2019\/01\/Radtour-Shweriner-See-37.jpg 1439w\" data-sizes=\"auto\" data-orig-sizes=\"(max-width: 1439px) 100vw, 1439px\" \/><\/p>\n<h2>7. \u2026und mit ihr die Outdoor- und Picknicksaison<\/h2>\n<p><img decoding=\"async\" class=\"lazyload aligncenter size-full wp-image-14498\" src=\"https:\/\/www.traveltelling.net\/wp-content\/uploads\/2019\/01\/Radtour-Shweriner-See-25.jpg\" data-orig-src=\"https:\/\/www.traveltelling.net\/wp-content\/uploads\/2019\/01\/Radtour-Shweriner-See-25.jpg\" alt=\"Zelten und Campingpl\u00e4tze rundum Schwerin\" width=\"2137\" height=\"1200\" srcset=\"data:image\/svg+xml,%3Csvg%20xmlns%3D%27http%3A%2F%2Fwww.w3.org%2F2000%2Fsvg%27%20width%3D%272137%27%20height%3D%271200%27%20viewBox%3D%270%200%202137%201200%27%3E%3Crect%20width%3D%272137%27%20height%3D%271200%27%20fill-opacity%3D%220%22%2F%3E%3C%2Fsvg%3E\" data-srcset=\"https:\/\/www.traveltelling.net\/wp-content\/uploads\/2019\/01\/Radtour-Shweriner-See-25-200x112.jpg 200w, https:\/\/www.traveltelling.net\/wp-content\/uploads\/2019\/01\/Radtour-Shweriner-See-25-400x225.jpg 400w, https:\/\/www.traveltelling.net\/wp-content\/uploads\/2019\/01\/Radtour-Shweriner-See-25-600x337.jpg 600w, https:\/\/www.traveltelling.net\/wp-content\/uploads\/2019\/01\/Radtour-Shweriner-See-25-800x449.jpg 800w, https:\/\/www.traveltelling.net\/wp-content\/uploads\/2019\/01\/Radtour-Shweriner-See-25-1200x674.jpg 1200w, https:\/\/www.traveltelling.net\/wp-content\/uploads\/2019\/01\/Radtour-Shweriner-See-25-1536x863.jpg 1536w, https:\/\/www.traveltelling.net\/wp-content\/uploads\/2019\/01\/Radtour-Shweriner-See-25.jpg 2137w\" data-sizes=\"auto\" data-orig-sizes=\"(max-width: 2137px) 100vw, 2137px\" \/><\/p>\n<h2>8. 65 km Radweg: Auf der \u201eBlauen Acht\u201c einmal rund um den Schweriner See<\/h2>\n<p><img decoding=\"async\" class=\"lazyload aligncenter size-full wp-image-14474\" src=\"https:\/\/www.traveltelling.net\/wp-content\/uploads\/2019\/01\/Radtour-Shweriner-See-7.jpg\" data-orig-src=\"https:\/\/www.traveltelling.net\/wp-content\/uploads\/2019\/01\/Radtour-Shweriner-See-7.jpg\" alt=\"Radfahren am Schweriner See\" width=\"1600\" height=\"1200\" srcset=\"data:image\/svg+xml,%3Csvg%20xmlns%3D%27http%3A%2F%2Fwww.w3.org%2F2000%2Fsvg%27%20width%3D%271600%27%20height%3D%271200%27%20viewBox%3D%270%200%201600%201200%27%3E%3Crect%20width%3D%271600%27%20height%3D%271200%27%20fill-opacity%3D%220%22%2F%3E%3C%2Fsvg%3E\" data-srcset=\"https:\/\/www.traveltelling.net\/wp-content\/uploads\/2019\/01\/Radtour-Shweriner-See-7-200x150.jpg 200w, https:\/\/www.traveltelling.net\/wp-content\/uploads\/2019\/01\/Radtour-Shweriner-See-7-400x300.jpg 400w, https:\/\/www.traveltelling.net\/wp-content\/uploads\/2019\/01\/Radtour-Shweriner-See-7-600x450.jpg 600w, https:\/\/www.traveltelling.net\/wp-content\/uploads\/2019\/01\/Radtour-Shweriner-See-7-800x600.jpg 800w, https:\/\/www.traveltelling.net\/wp-content\/uploads\/2019\/01\/Radtour-Shweriner-See-7-1200x900.jpg 1200w, https:\/\/www.traveltelling.net\/wp-content\/uploads\/2019\/01\/Radtour-Shweriner-See-7-1536x1152.jpg 1536w, https:\/\/www.traveltelling.net\/wp-content\/uploads\/2019\/01\/Radtour-Shweriner-See-7.jpg 1600w\" data-sizes=\"auto\" data-orig-sizes=\"(max-width: 1600px) 100vw, 1600px\" \/><\/p>\n<h2>9. Reppiner Burg<\/h2>\n<p><img decoding=\"async\" class=\"lazyload aligncenter size-full wp-image-19253\" src=\"https:\/\/www.traveltelling.net\/wp-content\/uploads\/2019\/02\/Blaue-Acht-Schweriner-See-Radtour-6.jpg\" data-orig-src=\"https:\/\/www.traveltelling.net\/wp-content\/uploads\/2019\/02\/Blaue-Acht-Schweriner-See-Radtour-6.jpg\" alt=\"\" width=\"1600\" height=\"1200\" srcset=\"data:image\/svg+xml,%3Csvg%20xmlns%3D%27http%3A%2F%2Fwww.w3.org%2F2000%2Fsvg%27%20width%3D%271600%27%20height%3D%271200%27%20viewBox%3D%270%200%201600%201200%27%3E%3Crect%20width%3D%271600%27%20height%3D%271200%27%20fill-opacity%3D%220%22%2F%3E%3C%2Fsvg%3E\" data-srcset=\"https:\/\/www.traveltelling.net\/wp-content\/uploads\/2019\/02\/Blaue-Acht-Schweriner-See-Radtour-6-200x150.jpg 200w, https:\/\/www.traveltelling.net\/wp-content\/uploads\/2019\/02\/Blaue-Acht-Schweriner-See-Radtour-6-400x300.jpg 400w, https:\/\/www.traveltelling.net\/wp-content\/uploads\/2019\/02\/Blaue-Acht-Schweriner-See-Radtour-6-600x450.jpg 600w, https:\/\/www.traveltelling.net\/wp-content\/uploads\/2019\/02\/Blaue-Acht-Schweriner-See-Radtour-6-800x600.jpg 800w, https:\/\/www.traveltelling.net\/wp-content\/uploads\/2019\/02\/Blaue-Acht-Schweriner-See-Radtour-6-1200x900.jpg 1200w, https:\/\/www.traveltelling.net\/wp-content\/uploads\/2019\/02\/Blaue-Acht-Schweriner-See-Radtour-6-1536x1152.jpg 1536w, https:\/\/www.traveltelling.net\/wp-content\/uploads\/2019\/02\/Blaue-Acht-Schweriner-See-Radtour-6.jpg 1600w\" data-sizes=\"auto\" data-orig-sizes=\"(max-width: 1600px) 100vw, 1600px\" \/><\/p>\n<h2>10. Der Schweriner Hafen<\/h2>\n<p><img decoding=\"async\" class=\"lazyload aligncenter size-full wp-image-14557\" src=\"https:\/\/www.traveltelling.net\/wp-content\/uploads\/2019\/01\/IMG_20180517_153817_745.jpg\" data-orig-src=\"https:\/\/www.traveltelling.net\/wp-content\/uploads\/2019\/01\/IMG_20180517_153817_745.jpg\" alt=\"Hafen am Schweriner See\" width=\"1666\" height=\"1200\" srcset=\"data:image\/svg+xml,%3Csvg%20xmlns%3D%27http%3A%2F%2Fwww.w3.org%2F2000%2Fsvg%27%20width%3D%271666%27%20height%3D%271200%27%20viewBox%3D%270%200%201666%201200%27%3E%3Crect%20width%3D%271666%27%20height%3D%271200%27%20fill-opacity%3D%220%22%2F%3E%3C%2Fsvg%3E\" data-srcset=\"https:\/\/www.traveltelling.net\/wp-content\/uploads\/2019\/01\/IMG_20180517_153817_745-200x144.jpg 200w, https:\/\/www.traveltelling.net\/wp-content\/uploads\/2019\/01\/IMG_20180517_153817_745-400x288.jpg 400w, https:\/\/www.traveltelling.net\/wp-content\/uploads\/2019\/01\/IMG_20180517_153817_745-600x432.jpg 600w, https:\/\/www.traveltelling.net\/wp-content\/uploads\/2019\/01\/IMG_20180517_153817_745-800x576.jpg 800w, https:\/\/www.traveltelling.net\/wp-content\/uploads\/2019\/01\/IMG_20180517_153817_745-1200x864.jpg 1200w, https:\/\/www.traveltelling.net\/wp-content\/uploads\/2019\/01\/IMG_20180517_153817_745-1536x1106.jpg 1536w, https:\/\/www.traveltelling.net\/wp-content\/uploads\/2019\/01\/IMG_20180517_153817_745.jpg 1666w\" data-sizes=\"auto\" data-orig-sizes=\"(max-width: 1666px) 100vw, 1666px\" \/><\/p>\n<h2>11. Die l\u00e4ngste Nacht des Jahres am 21. Juli 2018 &#8211; Naturcamping Retgendorf<\/h2>\n<p><img decoding=\"async\" class=\"lazyload aligncenter size-full wp-image-14482\" src=\"https:\/\/www.traveltelling.net\/wp-content\/uploads\/2019\/01\/Radtour-Shweriner-See-14.jpg\" data-orig-src=\"https:\/\/www.traveltelling.net\/wp-content\/uploads\/2019\/01\/Radtour-Shweriner-See-14.jpg\" alt=\"Zeltpl\u00e4tze am Schweriner See\" width=\"1806\" height=\"1200\" srcset=\"data:image\/svg+xml,%3Csvg%20xmlns%3D%27http%3A%2F%2Fwww.w3.org%2F2000%2Fsvg%27%20width%3D%271806%27%20height%3D%271200%27%20viewBox%3D%270%200%201806%201200%27%3E%3Crect%20width%3D%271806%27%20height%3D%271200%27%20fill-opacity%3D%220%22%2F%3E%3C%2Fsvg%3E\" data-srcset=\"https:\/\/www.traveltelling.net\/wp-content\/uploads\/2019\/01\/Radtour-Shweriner-See-14-200x133.jpg 200w, https:\/\/www.traveltelling.net\/wp-content\/uploads\/2019\/01\/Radtour-Shweriner-See-14-400x266.jpg 400w, https:\/\/www.traveltelling.net\/wp-content\/uploads\/2019\/01\/Radtour-Shweriner-See-14-600x399.jpg 600w, https:\/\/www.traveltelling.net\/wp-content\/uploads\/2019\/01\/Radtour-Shweriner-See-14-800x532.jpg 800w, https:\/\/www.traveltelling.net\/wp-content\/uploads\/2019\/01\/Radtour-Shweriner-See-14-1200x797.jpg 1200w, https:\/\/www.traveltelling.net\/wp-content\/uploads\/2019\/01\/Radtour-Shweriner-See-14-1536x1021.jpg 1536w, https:\/\/www.traveltelling.net\/wp-content\/uploads\/2019\/01\/Radtour-Shweriner-See-14.jpg 1806w\" data-sizes=\"auto\" data-orig-sizes=\"(max-width: 1806px) 100vw, 1806px\" \/><\/p>\n<h2>12. Die w\u00e4rmste Nacht des Jahres: 26 Grad um 4:53 Uhr<\/h2>\n<p><img decoding=\"async\" class=\"lazyload aligncenter size-full wp-image-14549\" src=\"https:\/\/www.traveltelling.net\/wp-content\/uploads\/2019\/01\/Screenshot_20180808-045353-1.png\" data-orig-src=\"https:\/\/www.traveltelling.net\/wp-content\/uploads\/2019\/01\/Screenshot_20180808-045353-1.png\" alt=\"W\u00e4rmste Nacht 2018 in Schwerin\" width=\"1078\" height=\"1541\" srcset=\"data:image\/svg+xml,%3Csvg%20xmlns%3D%27http%3A%2F%2Fwww.w3.org%2F2000%2Fsvg%27%20width%3D%271078%27%20height%3D%271541%27%20viewBox%3D%270%200%201078%201541%27%3E%3Crect%20width%3D%271078%27%20height%3D%271541%27%20fill-opacity%3D%220%22%2F%3E%3C%2Fsvg%3E\" data-srcset=\"https:\/\/www.traveltelling.net\/wp-content\/uploads\/2019\/01\/Screenshot_20180808-045353-1-200x286.png 200w, https:\/\/www.traveltelling.net\/wp-content\/uploads\/2019\/01\/Screenshot_20180808-045353-1-400x572.png 400w, https:\/\/www.traveltelling.net\/wp-content\/uploads\/2019\/01\/Screenshot_20180808-045353-1-600x858.png 600w, https:\/\/www.traveltelling.net\/wp-content\/uploads\/2019\/01\/Screenshot_20180808-045353-1-800x1144.png 800w, https:\/\/www.traveltelling.net\/wp-content\/uploads\/2019\/01\/Screenshot_20180808-045353-1-1075x1536.png 1075w, https:\/\/www.traveltelling.net\/wp-content\/uploads\/2019\/01\/Screenshot_20180808-045353-1.png 1078w\" data-sizes=\"auto\" data-orig-sizes=\"(max-width: 1078px) 100vw, 1078px\" \/><\/p>\n<h2>13. Schloss Willigrad<\/h2>\n<p><img decoding=\"async\" class=\"lazyload aligncenter size-full wp-image-19251\" src=\"https:\/\/www.traveltelling.net\/wp-content\/uploads\/2019\/02\/Blaue-Acht-Schweriner-See-Radtour-3.jpg\" data-orig-src=\"https:\/\/www.traveltelling.net\/wp-content\/uploads\/2019\/02\/Blaue-Acht-Schweriner-See-Radtour-3.jpg\" alt=\"\" width=\"1340\" height=\"1200\" srcset=\"data:image\/svg+xml,%3Csvg%20xmlns%3D%27http%3A%2F%2Fwww.w3.org%2F2000%2Fsvg%27%20width%3D%271340%27%20height%3D%271200%27%20viewBox%3D%270%200%201340%201200%27%3E%3Crect%20width%3D%271340%27%20height%3D%271200%27%20fill-opacity%3D%220%22%2F%3E%3C%2Fsvg%3E\" data-srcset=\"https:\/\/www.traveltelling.net\/wp-content\/uploads\/2019\/02\/Blaue-Acht-Schweriner-See-Radtour-3-200x179.jpg 200w, https:\/\/www.traveltelling.net\/wp-content\/uploads\/2019\/02\/Blaue-Acht-Schweriner-See-Radtour-3-400x358.jpg 400w, https:\/\/www.traveltelling.net\/wp-content\/uploads\/2019\/02\/Blaue-Acht-Schweriner-See-Radtour-3-600x537.jpg 600w, https:\/\/www.traveltelling.net\/wp-content\/uploads\/2019\/02\/Blaue-Acht-Schweriner-See-Radtour-3-800x716.jpg 800w, https:\/\/www.traveltelling.net\/wp-content\/uploads\/2019\/02\/Blaue-Acht-Schweriner-See-Radtour-3-1200x1075.jpg 1200w, https:\/\/www.traveltelling.net\/wp-content\/uploads\/2019\/02\/Blaue-Acht-Schweriner-See-Radtour-3.jpg 1340w\" data-sizes=\"auto\" data-orig-sizes=\"(max-width: 1340px) 100vw, 1340px\" \/><\/p>\n<h2>14. Auch das Wasser hat mittlerweile 26 Grad. Blaualgen Alarm &amp; Badeverbot: Der Zippendorfer Strand bleibt leer<\/h2>\n<p><img decoding=\"async\" class=\"lazyload aligncenter size-full wp-image-14510\" src=\"https:\/\/www.traveltelling.net\/wp-content\/uploads\/2019\/01\/Radtour-Shweriner-See-41.jpg\" data-orig-src=\"https:\/\/www.traveltelling.net\/wp-content\/uploads\/2019\/01\/Radtour-Shweriner-See-41.jpg\" alt=\"Der Strand ist leer in Schwerin\" width=\"2137\" height=\"1200\" srcset=\"data:image\/svg+xml,%3Csvg%20xmlns%3D%27http%3A%2F%2Fwww.w3.org%2F2000%2Fsvg%27%20width%3D%272137%27%20height%3D%271200%27%20viewBox%3D%270%200%202137%201200%27%3E%3Crect%20width%3D%272137%27%20height%3D%271200%27%20fill-opacity%3D%220%22%2F%3E%3C%2Fsvg%3E\" data-srcset=\"https:\/\/www.traveltelling.net\/wp-content\/uploads\/2019\/01\/Radtour-Shweriner-See-41-200x112.jpg 200w, https:\/\/www.traveltelling.net\/wp-content\/uploads\/2019\/01\/Radtour-Shweriner-See-41-400x225.jpg 400w, https:\/\/www.traveltelling.net\/wp-content\/uploads\/2019\/01\/Radtour-Shweriner-See-41-600x337.jpg 600w, https:\/\/www.traveltelling.net\/wp-content\/uploads\/2019\/01\/Radtour-Shweriner-See-41-800x449.jpg 800w, https:\/\/www.traveltelling.net\/wp-content\/uploads\/2019\/01\/Radtour-Shweriner-See-41-1200x674.jpg 1200w, https:\/\/www.traveltelling.net\/wp-content\/uploads\/2019\/01\/Radtour-Shweriner-See-41-1536x863.jpg 1536w, https:\/\/www.traveltelling.net\/wp-content\/uploads\/2019\/01\/Radtour-Shweriner-See-41.jpg 2137w\" data-sizes=\"auto\" data-orig-sizes=\"(max-width: 2137px) 100vw, 2137px\" \/><\/p>\n<h2>15. Das verlassene Strandhotel am Zippendorfer Strand<\/h2>\n<p><img decoding=\"async\" class=\"lazyload aligncenter size-full wp-image-14545\" src=\"https:\/\/www.traveltelling.net\/wp-content\/uploads\/2019\/01\/GOPR6929_1536312136463_high-01.jpg\" data-orig-src=\"https:\/\/www.traveltelling.net\/wp-content\/uploads\/2019\/01\/GOPR6929_1536312136463_high-01.jpg\" alt=\"Kurhotel am Zippendorfer Strand\" width=\"1600\" height=\"1200\" srcset=\"data:image\/svg+xml,%3Csvg%20xmlns%3D%27http%3A%2F%2Fwww.w3.org%2F2000%2Fsvg%27%20width%3D%271600%27%20height%3D%271200%27%20viewBox%3D%270%200%201600%201200%27%3E%3Crect%20width%3D%271600%27%20height%3D%271200%27%20fill-opacity%3D%220%22%2F%3E%3C%2Fsvg%3E\" data-srcset=\"https:\/\/www.traveltelling.net\/wp-content\/uploads\/2019\/01\/GOPR6929_1536312136463_high-01-200x150.jpg 200w, https:\/\/www.traveltelling.net\/wp-content\/uploads\/2019\/01\/GOPR6929_1536312136463_high-01-400x300.jpg 400w, https:\/\/www.traveltelling.net\/wp-content\/uploads\/2019\/01\/GOPR6929_1536312136463_high-01-600x450.jpg 600w, https:\/\/www.traveltelling.net\/wp-content\/uploads\/2019\/01\/GOPR6929_1536312136463_high-01-800x600.jpg 800w, https:\/\/www.traveltelling.net\/wp-content\/uploads\/2019\/01\/GOPR6929_1536312136463_high-01-1200x900.jpg 1200w, https:\/\/www.traveltelling.net\/wp-content\/uploads\/2019\/01\/GOPR6929_1536312136463_high-01-1536x1152.jpg 1536w, https:\/\/www.traveltelling.net\/wp-content\/uploads\/2019\/01\/GOPR6929_1536312136463_high-01.jpg 1600w\" data-sizes=\"auto\" data-orig-sizes=\"(max-width: 1600px) 100vw, 1600px\" \/><\/p>\n<h2>16. Schwerin hat so viele tolle Restaurants. Auch direkt am Bootshafen &#8211; das Pier7<\/h2>\n<p><img decoding=\"async\" class=\"lazyload aligncenter size-full wp-image-14500\" src=\"https:\/\/www.traveltelling.net\/wp-content\/uploads\/2019\/01\/Radtour-Shweriner-See-26.jpg\" data-orig-src=\"https:\/\/www.traveltelling.net\/wp-content\/uploads\/2019\/01\/Radtour-Shweriner-See-26.jpg\" alt=\"Restaurants am Schweriner See - Pier 9\" width=\"2137\" height=\"1200\" srcset=\"data:image\/svg+xml,%3Csvg%20xmlns%3D%27http%3A%2F%2Fwww.w3.org%2F2000%2Fsvg%27%20width%3D%272137%27%20height%3D%271200%27%20viewBox%3D%270%200%202137%201200%27%3E%3Crect%20width%3D%272137%27%20height%3D%271200%27%20fill-opacity%3D%220%22%2F%3E%3C%2Fsvg%3E\" data-srcset=\"https:\/\/www.traveltelling.net\/wp-content\/uploads\/2019\/01\/Radtour-Shweriner-See-26-200x112.jpg 200w, https:\/\/www.traveltelling.net\/wp-content\/uploads\/2019\/01\/Radtour-Shweriner-See-26-400x225.jpg 400w, https:\/\/www.traveltelling.net\/wp-content\/uploads\/2019\/01\/Radtour-Shweriner-See-26-600x337.jpg 600w, https:\/\/www.traveltelling.net\/wp-content\/uploads\/2019\/01\/Radtour-Shweriner-See-26-800x449.jpg 800w, https:\/\/www.traveltelling.net\/wp-content\/uploads\/2019\/01\/Radtour-Shweriner-See-26-1200x674.jpg 1200w, https:\/\/www.traveltelling.net\/wp-content\/uploads\/2019\/01\/Radtour-Shweriner-See-26-1536x863.jpg 1536w, https:\/\/www.traveltelling.net\/wp-content\/uploads\/2019\/01\/Radtour-Shweriner-See-26.jpg 2137w\" data-sizes=\"auto\" data-orig-sizes=\"(max-width: 2137px) 100vw, 2137px\" \/><\/p>\n<h2>17. Impressionen der Schiffstour mit der &#8222;Wei\u00dfen Flotte Schwerin&#8220;<\/h2>\n<p><img decoding=\"async\" class=\"lazyload aligncenter size-full wp-image-14530\" src=\"https:\/\/www.traveltelling.net\/wp-content\/uploads\/2019\/01\/Radtour-Shweriner-See-30.jpg\" data-orig-src=\"https:\/\/www.traveltelling.net\/wp-content\/uploads\/2019\/01\/Radtour-Shweriner-See-30.jpg\" alt=\"Schifftour auf dem Schweriner See - Weise Flotte Schwerin\" width=\"2137\" height=\"1200\" srcset=\"data:image\/svg+xml,%3Csvg%20xmlns%3D%27http%3A%2F%2Fwww.w3.org%2F2000%2Fsvg%27%20width%3D%272137%27%20height%3D%271200%27%20viewBox%3D%270%200%202137%201200%27%3E%3Crect%20width%3D%272137%27%20height%3D%271200%27%20fill-opacity%3D%220%22%2F%3E%3C%2Fsvg%3E\" data-srcset=\"https:\/\/www.traveltelling.net\/wp-content\/uploads\/2019\/01\/Radtour-Shweriner-See-30-200x112.jpg 200w, https:\/\/www.traveltelling.net\/wp-content\/uploads\/2019\/01\/Radtour-Shweriner-See-30-400x225.jpg 400w, https:\/\/www.traveltelling.net\/wp-content\/uploads\/2019\/01\/Radtour-Shweriner-See-30-600x337.jpg 600w, https:\/\/www.traveltelling.net\/wp-content\/uploads\/2019\/01\/Radtour-Shweriner-See-30-800x449.jpg 800w, https:\/\/www.traveltelling.net\/wp-content\/uploads\/2019\/01\/Radtour-Shweriner-See-30-1200x674.jpg 1200w, https:\/\/www.traveltelling.net\/wp-content\/uploads\/2019\/01\/Radtour-Shweriner-See-30-1536x863.jpg 1536w, https:\/\/www.traveltelling.net\/wp-content\/uploads\/2019\/01\/Radtour-Shweriner-See-30.jpg 2137w\" data-sizes=\"auto\" data-orig-sizes=\"(max-width: 2137px) 100vw, 2137px\" \/><\/p>\n<h2>18. Postkartenmotiv<\/h2>\n<p><img decoding=\"async\" class=\"lazyload aligncenter size-full wp-image-14559\" src=\"https:\/\/www.traveltelling.net\/wp-content\/uploads\/2019\/01\/IMG_20181005_163313-02.jpg\" data-orig-src=\"https:\/\/www.traveltelling.net\/wp-content\/uploads\/2019\/01\/IMG_20181005_163313-02.jpg\" alt=\"Instagram und Postkartenmotiv Schweriner See\" width=\"1600\" height=\"1200\" srcset=\"data:image\/svg+xml,%3Csvg%20xmlns%3D%27http%3A%2F%2Fwww.w3.org%2F2000%2Fsvg%27%20width%3D%271600%27%20height%3D%271200%27%20viewBox%3D%270%200%201600%201200%27%3E%3Crect%20width%3D%271600%27%20height%3D%271200%27%20fill-opacity%3D%220%22%2F%3E%3C%2Fsvg%3E\" data-srcset=\"https:\/\/www.traveltelling.net\/wp-content\/uploads\/2019\/01\/IMG_20181005_163313-02-200x150.jpg 200w, https:\/\/www.traveltelling.net\/wp-content\/uploads\/2019\/01\/IMG_20181005_163313-02-400x300.jpg 400w, https:\/\/www.traveltelling.net\/wp-content\/uploads\/2019\/01\/IMG_20181005_163313-02-600x450.jpg 600w, https:\/\/www.traveltelling.net\/wp-content\/uploads\/2019\/01\/IMG_20181005_163313-02-800x600.jpg 800w, https:\/\/www.traveltelling.net\/wp-content\/uploads\/2019\/01\/IMG_20181005_163313-02-1200x900.jpg 1200w, https:\/\/www.traveltelling.net\/wp-content\/uploads\/2019\/01\/IMG_20181005_163313-02-1536x1152.jpg 1536w, https:\/\/www.traveltelling.net\/wp-content\/uploads\/2019\/01\/IMG_20181005_163313-02.jpg 1600w\" data-sizes=\"auto\" data-orig-sizes=\"(max-width: 1600px) 100vw, 1600px\" \/><\/p>\n<h2>19. Nun auch mal eine Nahaufnahme vom wohl sch\u00f6nsten Schloss Norddeutschlands<\/h2>\n<p><img decoding=\"async\" class=\"lazyload aligncenter size-full wp-image-14520\" src=\"https:\/\/www.traveltelling.net\/wp-content\/uploads\/2019\/01\/Radtour-Shweriner-See-46.jpg\" data-orig-src=\"https:\/\/www.traveltelling.net\/wp-content\/uploads\/2019\/01\/Radtour-Shweriner-See-46.jpg\" alt=\"Schweriner Schloss in Schwerin\" width=\"1555\" height=\"1200\" srcset=\"data:image\/svg+xml,%3Csvg%20xmlns%3D%27http%3A%2F%2Fwww.w3.org%2F2000%2Fsvg%27%20width%3D%271555%27%20height%3D%271200%27%20viewBox%3D%270%200%201555%201200%27%3E%3Crect%20width%3D%271555%27%20height%3D%271200%27%20fill-opacity%3D%220%22%2F%3E%3C%2Fsvg%3E\" data-srcset=\"https:\/\/www.traveltelling.net\/wp-content\/uploads\/2019\/01\/Radtour-Shweriner-See-46-200x154.jpg 200w, https:\/\/www.traveltelling.net\/wp-content\/uploads\/2019\/01\/Radtour-Shweriner-See-46-400x309.jpg 400w, https:\/\/www.traveltelling.net\/wp-content\/uploads\/2019\/01\/Radtour-Shweriner-See-46-600x463.jpg 600w, https:\/\/www.traveltelling.net\/wp-content\/uploads\/2019\/01\/Radtour-Shweriner-See-46-800x617.jpg 800w, https:\/\/www.traveltelling.net\/wp-content\/uploads\/2019\/01\/Radtour-Shweriner-See-46-1200x926.jpg 1200w, https:\/\/www.traveltelling.net\/wp-content\/uploads\/2019\/01\/Radtour-Shweriner-See-46-1536x1185.jpg 1536w, https:\/\/www.traveltelling.net\/wp-content\/uploads\/2019\/01\/Radtour-Shweriner-See-46.jpg 1555w\" data-sizes=\"auto\" data-orig-sizes=\"(max-width: 1555px) 100vw, 1555px\" \/><\/p>\n<h2>20. Ein letzter Tag am Strand Mitte Oktober bei 39 Grad<\/h2>\n<p><img decoding=\"async\" class=\"lazyload aligncenter size-full wp-image-14512\" src=\"https:\/\/www.traveltelling.net\/wp-content\/uploads\/2019\/01\/Radtour-Shweriner-See-42.jpg\" data-orig-src=\"https:\/\/www.traveltelling.net\/wp-content\/uploads\/2019\/01\/Radtour-Shweriner-See-42.jpg\" alt=\"Sonnenuntergang Schweriner See\" width=\"2137\" height=\"1200\" srcset=\"data:image\/svg+xml,%3Csvg%20xmlns%3D%27http%3A%2F%2Fwww.w3.org%2F2000%2Fsvg%27%20width%3D%272137%27%20height%3D%271200%27%20viewBox%3D%270%200%202137%201200%27%3E%3Crect%20width%3D%272137%27%20height%3D%271200%27%20fill-opacity%3D%220%22%2F%3E%3C%2Fsvg%3E\" data-srcset=\"https:\/\/www.traveltelling.net\/wp-content\/uploads\/2019\/01\/Radtour-Shweriner-See-42-200x112.jpg 200w, https:\/\/www.traveltelling.net\/wp-content\/uploads\/2019\/01\/Radtour-Shweriner-See-42-400x225.jpg 400w, https:\/\/www.traveltelling.net\/wp-content\/uploads\/2019\/01\/Radtour-Shweriner-See-42-600x337.jpg 600w, https:\/\/www.traveltelling.net\/wp-content\/uploads\/2019\/01\/Radtour-Shweriner-See-42-800x449.jpg 800w, https:\/\/www.traveltelling.net\/wp-content\/uploads\/2019\/01\/Radtour-Shweriner-See-42-1200x674.jpg 1200w, https:\/\/www.traveltelling.net\/wp-content\/uploads\/2019\/01\/Radtour-Shweriner-See-42-1536x863.jpg 1536w, https:\/\/www.traveltelling.net\/wp-content\/uploads\/2019\/01\/Radtour-Shweriner-See-42.jpg 2137w\" data-sizes=\"auto\" data-orig-sizes=\"(max-width: 2137px) 100vw, 2137px\" \/><\/p>\n<h2>21. &#8230;und die letzte tropische Nacht 2018 auf dem Campingplatz S\u00fcduferperle<\/h2>\n<h2><img decoding=\"async\" class=\"lazyload aligncenter size-full wp-image-14492\" src=\"https:\/\/www.traveltelling.net\/wp-content\/uploads\/2019\/01\/Radtour-Shweriner-See-21.jpg\" data-orig-src=\"https:\/\/www.traveltelling.net\/wp-content\/uploads\/2019\/01\/Radtour-Shweriner-See-21.jpg\" alt=\"Campingplatz Raben Steinfeld\" width=\"1600\" height=\"1200\" srcset=\"data:image\/svg+xml,%3Csvg%20xmlns%3D%27http%3A%2F%2Fwww.w3.org%2F2000%2Fsvg%27%20width%3D%271600%27%20height%3D%271200%27%20viewBox%3D%270%200%201600%201200%27%3E%3Crect%20width%3D%271600%27%20height%3D%271200%27%20fill-opacity%3D%220%22%2F%3E%3C%2Fsvg%3E\" data-srcset=\"https:\/\/www.traveltelling.net\/wp-content\/uploads\/2019\/01\/Radtour-Shweriner-See-21-200x150.jpg 200w, https:\/\/www.traveltelling.net\/wp-content\/uploads\/2019\/01\/Radtour-Shweriner-See-21-400x300.jpg 400w, https:\/\/www.traveltelling.net\/wp-content\/uploads\/2019\/01\/Radtour-Shweriner-See-21-600x450.jpg 600w, https:\/\/www.traveltelling.net\/wp-content\/uploads\/2019\/01\/Radtour-Shweriner-See-21-800x600.jpg 800w, https:\/\/www.traveltelling.net\/wp-content\/uploads\/2019\/01\/Radtour-Shweriner-See-21-1200x900.jpg 1200w, https:\/\/www.traveltelling.net\/wp-content\/uploads\/2019\/01\/Radtour-Shweriner-See-21-1536x1152.jpg 1536w, https:\/\/www.traveltelling.net\/wp-content\/uploads\/2019\/01\/Radtour-Shweriner-See-21.jpg 1600w\" data-sizes=\"auto\" data-orig-sizes=\"(max-width: 1600px) 100vw, 1600px\" \/><\/h2>\n<h2>22. Mountainbike Trail am G\u00f6rslower Ufer<\/h2>\n<p><img decoding=\"async\" class=\"lazyload aligncenter size-full wp-image-14488\" src=\"https:\/\/www.traveltelling.net\/wp-content\/uploads\/2019\/01\/Radtour-Shweriner-See-19.jpg\" data-orig-src=\"https:\/\/www.traveltelling.net\/wp-content\/uploads\/2019\/01\/Radtour-Shweriner-See-19.jpg\" alt=\"Mountainbike Trail Schweriner See\" width=\"1600\" height=\"1200\" srcset=\"data:image\/svg+xml,%3Csvg%20xmlns%3D%27http%3A%2F%2Fwww.w3.org%2F2000%2Fsvg%27%20width%3D%271600%27%20height%3D%271200%27%20viewBox%3D%270%200%201600%201200%27%3E%3Crect%20width%3D%271600%27%20height%3D%271200%27%20fill-opacity%3D%220%22%2F%3E%3C%2Fsvg%3E\" data-srcset=\"https:\/\/www.traveltelling.net\/wp-content\/uploads\/2019\/01\/Radtour-Shweriner-See-19-200x150.jpg 200w, https:\/\/www.traveltelling.net\/wp-content\/uploads\/2019\/01\/Radtour-Shweriner-See-19-400x300.jpg 400w, https:\/\/www.traveltelling.net\/wp-content\/uploads\/2019\/01\/Radtour-Shweriner-See-19-600x450.jpg 600w, https:\/\/www.traveltelling.net\/wp-content\/uploads\/2019\/01\/Radtour-Shweriner-See-19-800x600.jpg 800w, https:\/\/www.traveltelling.net\/wp-content\/uploads\/2019\/01\/Radtour-Shweriner-See-19-1200x900.jpg 1200w, https:\/\/www.traveltelling.net\/wp-content\/uploads\/2019\/01\/Radtour-Shweriner-See-19-1536x1152.jpg 1536w, https:\/\/www.traveltelling.net\/wp-content\/uploads\/2019\/01\/Radtour-Shweriner-See-19.jpg 1600w\" data-sizes=\"auto\" data-orig-sizes=\"(max-width: 1600px) 100vw, 1600px\" \/><\/p>\n<h2>23. Der erste Regen: Regenwaldfeeling am Franzosenweg<\/h2>\n<h2><img decoding=\"async\" class=\"lazyload aligncenter size-full wp-image-14490\" src=\"https:\/\/www.traveltelling.net\/wp-content\/uploads\/2019\/01\/Radtour-Shweriner-See-20.jpg\" data-orig-src=\"https:\/\/www.traveltelling.net\/wp-content\/uploads\/2019\/01\/Radtour-Shweriner-See-20.jpg\" alt=\"Franzosenweg am Schweriner See\" width=\"1600\" height=\"1200\" srcset=\"data:image\/svg+xml,%3Csvg%20xmlns%3D%27http%3A%2F%2Fwww.w3.org%2F2000%2Fsvg%27%20width%3D%271600%27%20height%3D%271200%27%20viewBox%3D%270%200%201600%201200%27%3E%3Crect%20width%3D%271600%27%20height%3D%271200%27%20fill-opacity%3D%220%22%2F%3E%3C%2Fsvg%3E\" data-srcset=\"https:\/\/www.traveltelling.net\/wp-content\/uploads\/2019\/01\/Radtour-Shweriner-See-20-200x150.jpg 200w, https:\/\/www.traveltelling.net\/wp-content\/uploads\/2019\/01\/Radtour-Shweriner-See-20-400x300.jpg 400w, https:\/\/www.traveltelling.net\/wp-content\/uploads\/2019\/01\/Radtour-Shweriner-See-20-600x450.jpg 600w, https:\/\/www.traveltelling.net\/wp-content\/uploads\/2019\/01\/Radtour-Shweriner-See-20-800x600.jpg 800w, https:\/\/www.traveltelling.net\/wp-content\/uploads\/2019\/01\/Radtour-Shweriner-See-20-1200x900.jpg 1200w, https:\/\/www.traveltelling.net\/wp-content\/uploads\/2019\/01\/Radtour-Shweriner-See-20-1536x1152.jpg 1536w, https:\/\/www.traveltelling.net\/wp-content\/uploads\/2019\/01\/Radtour-Shweriner-See-20.jpg 1600w\" data-sizes=\"auto\" data-orig-sizes=\"(max-width: 1600px) 100vw, 1600px\" \/><\/h2>\n<h2>24. Der Herbst ist da. Die Sonnenunterg\u00e4nge werden intensiver\u2026<\/h2>\n<div id=\"attachment_14522\" style=\"width: 1610px\" class=\"wp-caption aligncenter\"><img decoding=\"async\" aria-describedby=\"caption-attachment-14522\" class=\"lazyload wp-image-14522 size-full\" src=\"https:\/\/www.traveltelling.net\/wp-content\/uploads\/2019\/01\/Radtour-Shweriner-See-47.jpg\" data-orig-src=\"https:\/\/www.traveltelling.net\/wp-content\/uploads\/2019\/01\/Radtour-Shweriner-See-47.jpg\" alt=\"Sonnenuntergang am Schweriner See\" width=\"1600\" height=\"1200\" srcset=\"data:image\/svg+xml,%3Csvg%20xmlns%3D%27http%3A%2F%2Fwww.w3.org%2F2000%2Fsvg%27%20width%3D%271600%27%20height%3D%271200%27%20viewBox%3D%270%200%201600%201200%27%3E%3Crect%20width%3D%271600%27%20height%3D%271200%27%20fill-opacity%3D%220%22%2F%3E%3C%2Fsvg%3E\" data-srcset=\"https:\/\/www.traveltelling.net\/wp-content\/uploads\/2019\/01\/Radtour-Shweriner-See-47-200x150.jpg 200w, https:\/\/www.traveltelling.net\/wp-content\/uploads\/2019\/01\/Radtour-Shweriner-See-47-400x300.jpg 400w, https:\/\/www.traveltelling.net\/wp-content\/uploads\/2019\/01\/Radtour-Shweriner-See-47-600x450.jpg 600w, https:\/\/www.traveltelling.net\/wp-content\/uploads\/2019\/01\/Radtour-Shweriner-See-47-800x600.jpg 800w, https:\/\/www.traveltelling.net\/wp-content\/uploads\/2019\/01\/Radtour-Shweriner-See-47-1200x900.jpg 1200w, https:\/\/www.traveltelling.net\/wp-content\/uploads\/2019\/01\/Radtour-Shweriner-See-47-1536x1152.jpg 1536w, https:\/\/www.traveltelling.net\/wp-content\/uploads\/2019\/01\/Radtour-Shweriner-See-47.jpg 1600w\" data-sizes=\"auto\" data-orig-sizes=\"(max-width: 1600px) 100vw, 1600px\" \/><p id=\"caption-attachment-14522\" class=\"wp-caption-text\">Foto: Barbara Bleck<\/p><\/div>\n<h2>25. \u2026und die Bl\u00e4tter bunter!<\/h2>\n<p><img decoding=\"async\" class=\"lazyload aligncenter size-full wp-image-14524\" src=\"https:\/\/www.traveltelling.net\/wp-content\/uploads\/2019\/01\/Radtour-Shweriner-See-48.jpg\" data-orig-src=\"https:\/\/www.traveltelling.net\/wp-content\/uploads\/2019\/01\/Radtour-Shweriner-See-48.jpg\" alt=\"Herbststimmung am Schweriner See\" width=\"1600\" height=\"1200\" srcset=\"data:image\/svg+xml,%3Csvg%20xmlns%3D%27http%3A%2F%2Fwww.w3.org%2F2000%2Fsvg%27%20width%3D%271600%27%20height%3D%271200%27%20viewBox%3D%270%200%201600%201200%27%3E%3Crect%20width%3D%271600%27%20height%3D%271200%27%20fill-opacity%3D%220%22%2F%3E%3C%2Fsvg%3E\" data-srcset=\"https:\/\/www.traveltelling.net\/wp-content\/uploads\/2019\/01\/Radtour-Shweriner-See-48-200x150.jpg 200w, https:\/\/www.traveltelling.net\/wp-content\/uploads\/2019\/01\/Radtour-Shweriner-See-48-400x300.jpg 400w, https:\/\/www.traveltelling.net\/wp-content\/uploads\/2019\/01\/Radtour-Shweriner-See-48-600x450.jpg 600w, https:\/\/www.traveltelling.net\/wp-content\/uploads\/2019\/01\/Radtour-Shweriner-See-48-800x600.jpg 800w, https:\/\/www.traveltelling.net\/wp-content\/uploads\/2019\/01\/Radtour-Shweriner-See-48-1200x900.jpg 1200w, https:\/\/www.traveltelling.net\/wp-content\/uploads\/2019\/01\/Radtour-Shweriner-See-48-1536x1152.jpg 1536w, https:\/\/www.traveltelling.net\/wp-content\/uploads\/2019\/01\/Radtour-Shweriner-See-48.jpg 1600w\" data-sizes=\"auto\" data-orig-sizes=\"(max-width: 1600px) 100vw, 1600px\" \/><\/p>\n<p>&nbsp;<\/p>\n<p>&nbsp;<\/p>\n<p>Hier endet die 65km lange Radtour entlang des Radwegs der \u201eBlauen Acht\u201c rund um den Schweriner See durch vier Jahreszeiten.<\/p>\n<h2 class=\"fusion-responsive-typography-calculated\" data-fontsize=\"20\" data-lineheight=\"24px\"><strong>Tipps f\u00fcr deine Radtour<\/strong><\/h2>\n<ul>\n<li>Weitere Tipps wie du unterwegs unabh\u00e4ngig \u00fcber dein Rad Strom f\u00fcr deine USB Ger\u00e4te aufladen kannst und was die meiner Meinung nach\u00a0<strong>beste GoPro und Handy Halterung<\/strong>\u00a0am Fahrrad ist, erf\u00e4hrst du in\u00a0<a href=\"https:\/\/www.traveltelling.net\/de\/innovative-gadgets-fahrrad-ausruestung-tipps\/\">diesem Erfahrungsbericht<\/a>.<\/li>\n<\/ul>\n<ul>\n<li>Und f\u00fcr den Fall, dass du eine l\u00e4ngere Radreise planst, ob in Bayern oder anderswo: Schau doch mal bei der\u00a0<a href=\"https:\/\/www.traveltelling.net\/de\/fahrrad-reise-packliste-tipps\/\">Packliste f\u00fcr Fahrradreisen<\/a>\u00a0vorbei!<\/li>\n<\/ul>\n<ul>\n<li>Noch mehr wundersch\u00f6ne Radrouten und\u00a0<strong>Tourenvorschl\u00e4ge in Deutschland und Europa\u00a0<\/strong>sowie Tipps zur Ausr\u00fcstung\u00a0<a href=\"https:\/\/www.traveltelling.net\/de\/radreisen\/\">findest du hier<\/a>.<\/li>\n<\/ul>\n<h2 style=\"text-align: center;\">Warst du auch schon mal in Schwerin?<\/h2>\n<p>&nbsp;<\/p>\n<h1 style=\"text-align: center;\"><strong>Auf Pinterest!? Pin it! :-)<\/strong><\/h1>\n<p>&nbsp;<\/p>\n<p><img decoding=\"async\" class=\"lazyload aligncenter size-full wp-image-14580\" src=\"https:\/\/www.traveltelling.net\/wp-content\/uploads\/2019\/01\/Copy-of-Beechtown-Traveler-1.png\" data-orig-src=\"https:\/\/www.traveltelling.net\/wp-content\/uploads\/2019\/01\/Copy-of-Beechtown-Traveler-1.png\" alt=\"Schwerin: Eine Radtour um den Schweriner See durch vier Jahreszeiten\" width=\"735\" height=\"1102\" srcset=\"data:image\/svg+xml,%3Csvg%20xmlns%3D%27http%3A%2F%2Fwww.w3.org%2F2000%2Fsvg%27%20width%3D%27735%27%20height%3D%271102%27%20viewBox%3D%270%200%20735%201102%27%3E%3Crect%20width%3D%27735%27%20height%3D%271102%27%20fill-opacity%3D%220%22%2F%3E%3C%2Fsvg%3E\" data-srcset=\"https:\/\/www.traveltelling.net\/wp-content\/uploads\/2019\/01\/Copy-of-Beechtown-Traveler-1-200x300.png 200w, https:\/\/www.traveltelling.net\/wp-content\/uploads\/2019\/01\/Copy-of-Beechtown-Traveler-1-400x600.png 400w, https:\/\/www.traveltelling.net\/wp-content\/uploads\/2019\/01\/Copy-of-Beechtown-Traveler-1-600x900.png 600w, https:\/\/www.traveltelling.net\/wp-content\/uploads\/2019\/01\/Copy-of-Beechtown-Traveler-1.png 735w\" data-sizes=\"auto\" data-orig-sizes=\"(max-width: 735px) 100vw, 735px\" \/><\/p>\n","protected":false},"excerpt":{"rendered":"<p> <a href=\"https:\/\/www.traveltelling.net\/de\/fahrrad-tour-schweriner-see-radweg-blaue-acht\/\"> Weiterlesen<\/a><\/p>\n","protected":false},"author":4,"featured_media":14578,"comment_status":"open","ping_status":"open","sticky":false,"template":"","format":"standard","meta":{"footnotes":""},"categories":[953],"tags":[946,937],"class_list":["post-14461","post","type-post","status-publish","format-standard","has-post-thumbnail","hentry","category-mecklenburg-vorpommern","tag-deutschland","tag-radreise"],"yoast_head":"<!-- This site is optimized with the Yoast SEO plugin v27.4 - https:\/\/yoast.com\/product\/yoast-seo-wordpress\/ -->\n<title>Blaue Acht: Eine Radtour am Schweriner See durch vier Jahreszeiten<\/title>\n<meta name=\"description\" content=\"Schwerin: Ein kalter Winter, ein hei\u00dfer Sommer und ein goldener Oktober. Die sch\u00f6nsten Orte entlang des Radwegs Balue Acht am Schweiner See.\" \/>\n<meta name=\"robots\" content=\"index, follow, max-snippet:-1, max-image-preview:large, max-video-preview:-1\" \/>\n<link rel=\"canonical\" href=\"https:\/\/www.traveltelling.net\/de\/fahrrad-tour-schweriner-see-radweg-blaue-acht\/\" \/>\n<meta property=\"og:locale\" content=\"de_DE\" \/>\n<meta property=\"og:type\" content=\"article\" \/>\n<meta property=\"og:title\" content=\"Blaue Acht: Eine Radtour am Schweriner See durch vier Jahreszeiten\" \/>\n<meta property=\"og:description\" content=\"Schwerin: Ein kalter Winter, ein hei\u00dfer Sommer und ein goldener Oktober. Die sch\u00f6nsten Orte entlang des Radwegs Balue Acht am Schweiner See.\" \/>\n<meta property=\"og:url\" content=\"https:\/\/www.traveltelling.net\/de\/fahrrad-tour-schweriner-see-radweg-blaue-acht\/\" \/>\n<meta property=\"og:site_name\" content=\"TravelTelling\" \/>\n<meta property=\"article:publisher\" content=\"https:\/\/www.facebook.com\/traveltelling\" \/>\n<meta property=\"article:author\" content=\"https:\/\/www.facebook.com\/traveltelling\" \/>\n<meta property=\"article:published_time\" content=\"2019-02-14T10:53:27+00:00\" \/>\n<meta property=\"article:modified_time\" content=\"2020-10-31T09:19:21+00:00\" \/>\n<meta property=\"og:image\" content=\"https:\/\/www.traveltelling.net\/wp-content\/uploads\/2019\/01\/Beechtown-Traveler-1.png\" \/>\n\t<meta property=\"og:image:width\" content=\"1200\" \/>\n\t<meta property=\"og:image:height\" content=\"628\" \/>\n\t<meta property=\"og:image:type\" content=\"image\/png\" \/>\n<meta name=\"author\" content=\"Matthias\" \/>\n<meta name=\"twitter:card\" content=\"summary_large_image\" \/>\n<meta name=\"twitter:creator\" content=\"@traveltelling\" \/>\n<meta name=\"twitter:site\" content=\"@traveltelling\" \/>\n<meta name=\"twitter:label1\" content=\"Verfasst von\" \/>\n\t<meta name=\"twitter:data1\" content=\"Matthias\" \/>\n\t<meta name=\"twitter:label2\" content=\"Gesch\u00e4tzte Lesezeit\" \/>\n\t<meta name=\"twitter:data2\" content=\"2\u00a0Minuten\" \/>\n<script type=\"application\/ld+json\" class=\"yoast-schema-graph\">{\"@context\":\"https:\\\/\\\/schema.org\",\"@graph\":[{\"@type\":\"Article\",\"@id\":\"https:\\\/\\\/www.traveltelling.net\\\/de\\\/fahrrad-tour-schweriner-see-radweg-blaue-acht\\\/#article\",\"isPartOf\":{\"@id\":\"https:\\\/\\\/www.traveltelling.net\\\/de\\\/fahrrad-tour-schweriner-see-radweg-blaue-acht\\\/\"},\"author\":{\"name\":\"Matthias\",\"@id\":\"https:\\\/\\\/www.traveltelling.net\\\/de\\\/#\\\/schema\\\/person\\\/7549e44813ea4b392a23e4285b95fac4\"},\"headline\":\"Eine Radtour am Schweriner See durch vier Jahreszeiten\",\"datePublished\":\"2019-02-14T10:53:27+00:00\",\"dateModified\":\"2020-10-31T09:19:21+00:00\",\"mainEntityOfPage\":{\"@id\":\"https:\\\/\\\/www.traveltelling.net\\\/de\\\/fahrrad-tour-schweriner-see-radweg-blaue-acht\\\/\"},\"wordCount\":503,\"commentCount\":4,\"image\":{\"@id\":\"https:\\\/\\\/www.traveltelling.net\\\/de\\\/fahrrad-tour-schweriner-see-radweg-blaue-acht\\\/#primaryimage\"},\"thumbnailUrl\":\"https:\\\/\\\/www.traveltelling.net\\\/wp-content\\\/uploads\\\/2019\\\/01\\\/Beechtown-Traveler-1.png\",\"keywords\":[\"Deutschland\",\"Radreise\"],\"articleSection\":[\"Mecklenburg-Vorpommern\"],\"inLanguage\":\"de\",\"potentialAction\":[{\"@type\":\"CommentAction\",\"name\":\"Comment\",\"target\":[\"https:\\\/\\\/www.traveltelling.net\\\/de\\\/fahrrad-tour-schweriner-see-radweg-blaue-acht\\\/#respond\"]}]},{\"@type\":\"WebPage\",\"@id\":\"https:\\\/\\\/www.traveltelling.net\\\/de\\\/fahrrad-tour-schweriner-see-radweg-blaue-acht\\\/\",\"url\":\"https:\\\/\\\/www.traveltelling.net\\\/de\\\/fahrrad-tour-schweriner-see-radweg-blaue-acht\\\/\",\"name\":\"Blaue Acht: Eine Radtour am Schweriner See durch vier Jahreszeiten\",\"isPartOf\":{\"@id\":\"https:\\\/\\\/www.traveltelling.net\\\/de\\\/#website\"},\"primaryImageOfPage\":{\"@id\":\"https:\\\/\\\/www.traveltelling.net\\\/de\\\/fahrrad-tour-schweriner-see-radweg-blaue-acht\\\/#primaryimage\"},\"image\":{\"@id\":\"https:\\\/\\\/www.traveltelling.net\\\/de\\\/fahrrad-tour-schweriner-see-radweg-blaue-acht\\\/#primaryimage\"},\"thumbnailUrl\":\"https:\\\/\\\/www.traveltelling.net\\\/wp-content\\\/uploads\\\/2019\\\/01\\\/Beechtown-Traveler-1.png\",\"datePublished\":\"2019-02-14T10:53:27+00:00\",\"dateModified\":\"2020-10-31T09:19:21+00:00\",\"author\":{\"@id\":\"https:\\\/\\\/www.traveltelling.net\\\/de\\\/#\\\/schema\\\/person\\\/7549e44813ea4b392a23e4285b95fac4\"},\"description\":\"Schwerin: Ein kalter Winter, ein hei\u00dfer Sommer und ein goldener Oktober. Die sch\u00f6nsten Orte entlang des Radwegs Balue Acht am Schweiner See.\",\"breadcrumb\":{\"@id\":\"https:\\\/\\\/www.traveltelling.net\\\/de\\\/fahrrad-tour-schweriner-see-radweg-blaue-acht\\\/#breadcrumb\"},\"inLanguage\":\"de\",\"potentialAction\":[{\"@type\":\"ReadAction\",\"target\":[\"https:\\\/\\\/www.traveltelling.net\\\/de\\\/fahrrad-tour-schweriner-see-radweg-blaue-acht\\\/\"]}]},{\"@type\":\"ImageObject\",\"inLanguage\":\"de\",\"@id\":\"https:\\\/\\\/www.traveltelling.net\\\/de\\\/fahrrad-tour-schweriner-see-radweg-blaue-acht\\\/#primaryimage\",\"url\":\"https:\\\/\\\/www.traveltelling.net\\\/wp-content\\\/uploads\\\/2019\\\/01\\\/Beechtown-Traveler-1.png\",\"contentUrl\":\"https:\\\/\\\/www.traveltelling.net\\\/wp-content\\\/uploads\\\/2019\\\/01\\\/Beechtown-Traveler-1.png\",\"width\":1200,\"height\":628,\"caption\":\"Schwerin: Eine Radtour um den Schweriner See durch vier Jahreszeiten\"},{\"@type\":\"BreadcrumbList\",\"@id\":\"https:\\\/\\\/www.traveltelling.net\\\/de\\\/fahrrad-tour-schweriner-see-radweg-blaue-acht\\\/#breadcrumb\",\"itemListElement\":[{\"@type\":\"ListItem\",\"position\":1,\"name\":\"Startseite\",\"item\":\"https:\\\/\\\/www.traveltelling.net\\\/de\\\/\"},{\"@type\":\"ListItem\",\"position\":2,\"name\":\"Eine Radtour am Schweriner See durch vier Jahreszeiten\"}]},{\"@type\":\"WebSite\",\"@id\":\"https:\\\/\\\/www.traveltelling.net\\\/de\\\/#website\",\"url\":\"https:\\\/\\\/www.traveltelling.net\\\/de\\\/\",\"name\":\"TravelTelling\",\"description\":\"Reiseberichte | Abenteuer | SlowTravel\",\"potentialAction\":[{\"@type\":\"SearchAction\",\"target\":{\"@type\":\"EntryPoint\",\"urlTemplate\":\"https:\\\/\\\/www.traveltelling.net\\\/de\\\/?s={search_term_string}\"},\"query-input\":{\"@type\":\"PropertyValueSpecification\",\"valueRequired\":true,\"valueName\":\"search_term_string\"}}],\"inLanguage\":\"de\"},{\"@type\":\"Person\",\"@id\":\"https:\\\/\\\/www.traveltelling.net\\\/de\\\/#\\\/schema\\\/person\\\/7549e44813ea4b392a23e4285b95fac4\",\"name\":\"Matthias\",\"image\":{\"@type\":\"ImageObject\",\"inLanguage\":\"de\",\"@id\":\"https:\\\/\\\/secure.gravatar.com\\\/avatar\\\/4edbfecaedc483864ee39ad53461d94aefe2719d1ed41994034d47bb3623ae6b?s=96&d=mm&r=g\",\"url\":\"https:\\\/\\\/secure.gravatar.com\\\/avatar\\\/4edbfecaedc483864ee39ad53461d94aefe2719d1ed41994034d47bb3623ae6b?s=96&d=mm&r=g\",\"contentUrl\":\"https:\\\/\\\/secure.gravatar.com\\\/avatar\\\/4edbfecaedc483864ee39ad53461d94aefe2719d1ed41994034d47bb3623ae6b?s=96&d=mm&r=g\",\"caption\":\"Matthias\"},\"description\":\"\u201eTravel is not reward for working, it\u2019s education for living\u201c.\u00a0Anthony Bourdain Hi, ich bin Matthias und reise gerne fernab der Massentourismuspfade, aktiv und abenteuerlich, aber zugleich auch genussvoll und entschleunigt. Am liebsten mit Rad, Rucksack oder Handgep\u00e4ck. Auf diesem Blog findest du neben Reiseberichten und Tipps auch Interviews, Gedanken, Gastartikel und viele Eindr\u00fccke zum Reisen mit dem Fahrrad.\",\"sameAs\":[\"https:\\\/\\\/www.traveltelling.net\\\/\",\"https:\\\/\\\/www.facebook.com\\\/traveltelling\",\"https:\\\/\\\/x.com\\\/traveltelling\"],\"url\":\"https:\\\/\\\/www.traveltelling.net\\\/de\\\/author\\\/matthias\\\/\"}]}<\/script>\n<!-- \/ Yoast SEO plugin. -->","yoast_head_json":{"title":"Blaue Acht: Eine Radtour am Schweriner See durch vier Jahreszeiten","description":"Schwerin: Ein kalter Winter, ein hei\u00dfer Sommer und ein goldener Oktober. Die sch\u00f6nsten Orte entlang des Radwegs Balue Acht am Schweiner See.","robots":{"index":"index","follow":"follow","max-snippet":"max-snippet:-1","max-image-preview":"max-image-preview:large","max-video-preview":"max-video-preview:-1"},"canonical":"https:\/\/www.traveltelling.net\/de\/fahrrad-tour-schweriner-see-radweg-blaue-acht\/","og_locale":"de_DE","og_type":"article","og_title":"Blaue Acht: Eine Radtour am Schweriner See durch vier Jahreszeiten","og_description":"Schwerin: Ein kalter Winter, ein hei\u00dfer Sommer und ein goldener Oktober. Die sch\u00f6nsten Orte entlang des Radwegs Balue Acht am Schweiner See.","og_url":"https:\/\/www.traveltelling.net\/de\/fahrrad-tour-schweriner-see-radweg-blaue-acht\/","og_site_name":"TravelTelling","article_publisher":"https:\/\/www.facebook.com\/traveltelling","article_author":"https:\/\/www.facebook.com\/traveltelling","article_published_time":"2019-02-14T10:53:27+00:00","article_modified_time":"2020-10-31T09:19:21+00:00","og_image":[{"width":1200,"height":628,"url":"https:\/\/www.traveltelling.net\/wp-content\/uploads\/2019\/01\/Beechtown-Traveler-1.png","type":"image\/png"}],"author":"Matthias","twitter_card":"summary_large_image","twitter_creator":"@traveltelling","twitter_site":"@traveltelling","twitter_misc":{"Verfasst von":"Matthias","Gesch\u00e4tzte Lesezeit":"2\u00a0Minuten"},"schema":{"@context":"https:\/\/schema.org","@graph":[{"@type":"Article","@id":"https:\/\/www.traveltelling.net\/de\/fahrrad-tour-schweriner-see-radweg-blaue-acht\/#article","isPartOf":{"@id":"https:\/\/www.traveltelling.net\/de\/fahrrad-tour-schweriner-see-radweg-blaue-acht\/"},"author":{"name":"Matthias","@id":"https:\/\/www.traveltelling.net\/de\/#\/schema\/person\/7549e44813ea4b392a23e4285b95fac4"},"headline":"Eine Radtour am Schweriner See durch vier Jahreszeiten","datePublished":"2019-02-14T10:53:27+00:00","dateModified":"2020-10-31T09:19:21+00:00","mainEntityOfPage":{"@id":"https:\/\/www.traveltelling.net\/de\/fahrrad-tour-schweriner-see-radweg-blaue-acht\/"},"wordCount":503,"commentCount":4,"image":{"@id":"https:\/\/www.traveltelling.net\/de\/fahrrad-tour-schweriner-see-radweg-blaue-acht\/#primaryimage"},"thumbnailUrl":"https:\/\/www.traveltelling.net\/wp-content\/uploads\/2019\/01\/Beechtown-Traveler-1.png","keywords":["Deutschland","Radreise"],"articleSection":["Mecklenburg-Vorpommern"],"inLanguage":"de","potentialAction":[{"@type":"CommentAction","name":"Comment","target":["https:\/\/www.traveltelling.net\/de\/fahrrad-tour-schweriner-see-radweg-blaue-acht\/#respond"]}]},{"@type":"WebPage","@id":"https:\/\/www.traveltelling.net\/de\/fahrrad-tour-schweriner-see-radweg-blaue-acht\/","url":"https:\/\/www.traveltelling.net\/de\/fahrrad-tour-schweriner-see-radweg-blaue-acht\/","name":"Blaue Acht: Eine Radtour am Schweriner See durch vier Jahreszeiten","isPartOf":{"@id":"https:\/\/www.traveltelling.net\/de\/#website"},"primaryImageOfPage":{"@id":"https:\/\/www.traveltelling.net\/de\/fahrrad-tour-schweriner-see-radweg-blaue-acht\/#primaryimage"},"image":{"@id":"https:\/\/www.traveltelling.net\/de\/fahrrad-tour-schweriner-see-radweg-blaue-acht\/#primaryimage"},"thumbnailUrl":"https:\/\/www.traveltelling.net\/wp-content\/uploads\/2019\/01\/Beechtown-Traveler-1.png","datePublished":"2019-02-14T10:53:27+00:00","dateModified":"2020-10-31T09:19:21+00:00","author":{"@id":"https:\/\/www.traveltelling.net\/de\/#\/schema\/person\/7549e44813ea4b392a23e4285b95fac4"},"description":"Schwerin: Ein kalter Winter, ein hei\u00dfer Sommer und ein goldener Oktober. Die sch\u00f6nsten Orte entlang des Radwegs Balue Acht am Schweiner See.","breadcrumb":{"@id":"https:\/\/www.traveltelling.net\/de\/fahrrad-tour-schweriner-see-radweg-blaue-acht\/#breadcrumb"},"inLanguage":"de","potentialAction":[{"@type":"ReadAction","target":["https:\/\/www.traveltelling.net\/de\/fahrrad-tour-schweriner-see-radweg-blaue-acht\/"]}]},{"@type":"ImageObject","inLanguage":"de","@id":"https:\/\/www.traveltelling.net\/de\/fahrrad-tour-schweriner-see-radweg-blaue-acht\/#primaryimage","url":"https:\/\/www.traveltelling.net\/wp-content\/uploads\/2019\/01\/Beechtown-Traveler-1.png","contentUrl":"https:\/\/www.traveltelling.net\/wp-content\/uploads\/2019\/01\/Beechtown-Traveler-1.png","width":1200,"height":628,"caption":"Schwerin: Eine Radtour um den Schweriner See durch vier Jahreszeiten"},{"@type":"BreadcrumbList","@id":"https:\/\/www.traveltelling.net\/de\/fahrrad-tour-schweriner-see-radweg-blaue-acht\/#breadcrumb","itemListElement":[{"@type":"ListItem","position":1,"name":"Startseite","item":"https:\/\/www.traveltelling.net\/de\/"},{"@type":"ListItem","position":2,"name":"Eine Radtour am Schweriner See durch vier Jahreszeiten"}]},{"@type":"WebSite","@id":"https:\/\/www.traveltelling.net\/de\/#website","url":"https:\/\/www.traveltelling.net\/de\/","name":"TravelTelling","description":"Reiseberichte | Abenteuer | SlowTravel","potentialAction":[{"@type":"SearchAction","target":{"@type":"EntryPoint","urlTemplate":"https:\/\/www.traveltelling.net\/de\/?s={search_term_string}"},"query-input":{"@type":"PropertyValueSpecification","valueRequired":true,"valueName":"search_term_string"}}],"inLanguage":"de"},{"@type":"Person","@id":"https:\/\/www.traveltelling.net\/de\/#\/schema\/person\/7549e44813ea4b392a23e4285b95fac4","name":"Matthias","image":{"@type":"ImageObject","inLanguage":"de","@id":"https:\/\/secure.gravatar.com\/avatar\/4edbfecaedc483864ee39ad53461d94aefe2719d1ed41994034d47bb3623ae6b?s=96&d=mm&r=g","url":"https:\/\/secure.gravatar.com\/avatar\/4edbfecaedc483864ee39ad53461d94aefe2719d1ed41994034d47bb3623ae6b?s=96&d=mm&r=g","contentUrl":"https:\/\/secure.gravatar.com\/avatar\/4edbfecaedc483864ee39ad53461d94aefe2719d1ed41994034d47bb3623ae6b?s=96&d=mm&r=g","caption":"Matthias"},"description":"\u201eTravel is not reward for working, it\u2019s education for living\u201c.\u00a0Anthony Bourdain Hi, ich bin Matthias und reise gerne fernab der Massentourismuspfade, aktiv und abenteuerlich, aber zugleich auch genussvoll und entschleunigt. Am liebsten mit Rad, Rucksack oder Handgep\u00e4ck. Auf diesem Blog findest du neben Reiseberichten und Tipps auch Interviews, Gedanken, Gastartikel und viele Eindr\u00fccke zum Reisen mit dem Fahrrad.","sameAs":["https:\/\/www.traveltelling.net\/","https:\/\/www.facebook.com\/traveltelling","https:\/\/x.com\/traveltelling"],"url":"https:\/\/www.traveltelling.net\/de\/author\/matthias\/"}]}},"_links":{"self":[{"href":"https:\/\/www.traveltelling.net\/de\/wp-json\/wp\/v2\/posts\/14461","targetHints":{"allow":["GET"]}}],"collection":[{"href":"https:\/\/www.traveltelling.net\/de\/wp-json\/wp\/v2\/posts"}],"about":[{"href":"https:\/\/www.traveltelling.net\/de\/wp-json\/wp\/v2\/types\/post"}],"author":[{"embeddable":true,"href":"https:\/\/www.traveltelling.net\/de\/wp-json\/wp\/v2\/users\/4"}],"replies":[{"embeddable":true,"href":"https:\/\/www.traveltelling.net\/de\/wp-json\/wp\/v2\/comments?post=14461"}],"version-history":[{"count":0,"href":"https:\/\/www.traveltelling.net\/de\/wp-json\/wp\/v2\/posts\/14461\/revisions"}],"wp:featuredmedia":[{"embeddable":true,"href":"https:\/\/www.traveltelling.net\/de\/wp-json\/wp\/v2\/media\/14578"}],"wp:attachment":[{"href":"https:\/\/www.traveltelling.net\/de\/wp-json\/wp\/v2\/media?parent=14461"}],"wp:term":[{"taxonomy":"category","embeddable":true,"href":"https:\/\/www.traveltelling.net\/de\/wp-json\/wp\/v2\/categories?post=14461"},{"taxonomy":"post_tag","embeddable":true,"href":"https:\/\/www.traveltelling.net\/de\/wp-json\/wp\/v2\/tags?post=14461"}],"curies":[{"name":"wp","href":"https:\/\/api.w.org\/{rel}","templated":true}]}}