{"id":15597,"date":"2019-10-01T13:03:29","date_gmt":"2019-10-01T12:03:29","guid":{"rendered":"https:\/\/www.traveltelling.net\/?p=15597"},"modified":"2025-08-13T10:07:14","modified_gmt":"2025-08-13T09:07:14","slug":"wandern-bester-wander-rucksack-mehrtagestouren-packliste","status":"publish","type":"post","link":"https:\/\/www.traveltelling.net\/de\/wandern-bester-wander-rucksack-mehrtagestouren-packliste\/","title":{"rendered":"Der perfekte Wanderrucksack f\u00fcr Mehrtagestouren + Packliste"},"content":{"rendered":"<p>Die goldene Jahreszeit steht vor der T\u00fcr und die Wandermonate Oktober und November locken mit idealem Wanderwetter zum Erkunden der beliebten Wanderwege Europas.<\/p>\n<p>In den letzten Jahren war ich verst\u00e4rkt auf <a href=\"https:\/\/www.traveltelling.net\/de\/radreisen\/\">Fahrradreisen<\/a>, dieses\u00a0 Jahr habe ich mein <a href=\"https:\/\/www.traveltelling.net\/de\/fahrrad-reise-packliste-tipps\/\">geliebtes Rad<\/a> jedoch immer \u00f6fter gegen den Wanderrucksack getauscht .<\/p>\n<p>Nat\u00fcrlich wei\u00df jeder am besten f\u00fcr sich, wie viel Gep\u00e4ck und Komfort er ben\u00f6tigt und wie seine Ausr\u00fcstung aussieht. Ich pers\u00f6nlich reise am liebsten mit leichtem Gep\u00e4ck und achte auf ein geringes Packma\u00df bei der Wahl meiner Ausr\u00fcstung. Aber auch ein gewisses Ma\u00df an Komfort wei\u00df ich zu sch\u00e4tzen, wenn ich unterwegs bin. Aus diesem Grund fiel meine Wahl nach intensiver Recherche auf den Wanderrucksack Osprey Kestrel 48. Ein Wanderrucksack f\u00fcr Mehrtagestouren mit 48 Liter Packvolumen.<\/p>\n<p>F\u00fcr meine Backpacking Tour durch Australien im Jahr 2006 hatte ich bereits einen Osprey Rucksack. Einige Jahre sp\u00e4ter war ich ein halbes Jahr in Neuseeland unterwegs und wollte es da mal mit einem Deuter Aircontact 55 probieren. Mittlerweile bin ich wieder zu Osprey gewechselt, da mich im Vergleich zu Deuter v.a. das Leergewicht (sage und schreibe ein Kilo Unterschied) und zus\u00e4tzlich der hohe Tragekomfort der Osprey Rucks\u00e4cke \u00fcberzeugt haben.<\/p>\n<h2><strong>Auf einen Blick &#8211; womit der Osprey Kestrel 48 punktet:<\/strong><\/h2>\n<ul>\n<li>Gro\u00dfer Stauraum und tolle Aufteilung der F\u00e4cher<\/li>\n<li>Leichtes Gewicht mit 1,6 kg<\/li>\n<li>Angenehmes R\u00fcckenteil (erh\u00e4ltlich in zwei Gr\u00f6\u00dfen je nach R\u00fcckenl\u00e4nge S \/M und L)<\/li>\n<li>Zwei ger\u00e4umige H\u00fcftgurttaschen<\/li>\n<li>Robustes Material und gute Verarbeitung<\/li>\n<li>Eine gro\u00dfe Rei\u00dfverschluss\u00f6ffnung pro Seite<\/li>\n<li>Regencover<\/li>\n<li>R\u00fcckenfach f\u00fcr Trinkbeutel<\/li>\n<li>Super angenehm zu tragen und optimale Gewichtsverteilung<\/li>\n<\/ul>\n<p><img decoding=\"async\" class=\"lazyload aligncenter size-full wp-image-15616\" src=\"https:\/\/www.traveltelling.net\/wp-content\/uploads\/2019\/09\/Erfahrungsbericht-Osprey-Krestel-Wanderrucksack-7.jpg\" data-orig-src=\"https:\/\/www.traveltelling.net\/wp-content\/uploads\/2019\/09\/Erfahrungsbericht-Osprey-Krestel-Wanderrucksack-7.jpg\" alt=\"\" width=\"1600\" height=\"1200\" srcset=\"data:image\/svg+xml,%3Csvg%20xmlns%3D%27http%3A%2F%2Fwww.w3.org%2F2000%2Fsvg%27%20width%3D%271600%27%20height%3D%271200%27%20viewBox%3D%270%200%201600%201200%27%3E%3Crect%20width%3D%271600%27%20height%3D%271200%27%20fill-opacity%3D%220%22%2F%3E%3C%2Fsvg%3E\" data-srcset=\"https:\/\/www.traveltelling.net\/wp-content\/uploads\/2019\/09\/Erfahrungsbericht-Osprey-Krestel-Wanderrucksack-7-200x150.jpg 200w, https:\/\/www.traveltelling.net\/wp-content\/uploads\/2019\/09\/Erfahrungsbericht-Osprey-Krestel-Wanderrucksack-7-400x300.jpg 400w, https:\/\/www.traveltelling.net\/wp-content\/uploads\/2019\/09\/Erfahrungsbericht-Osprey-Krestel-Wanderrucksack-7-600x450.jpg 600w, https:\/\/www.traveltelling.net\/wp-content\/uploads\/2019\/09\/Erfahrungsbericht-Osprey-Krestel-Wanderrucksack-7-800x600.jpg 800w, https:\/\/www.traveltelling.net\/wp-content\/uploads\/2019\/09\/Erfahrungsbericht-Osprey-Krestel-Wanderrucksack-7-1200x900.jpg 1200w, https:\/\/www.traveltelling.net\/wp-content\/uploads\/2019\/09\/Erfahrungsbericht-Osprey-Krestel-Wanderrucksack-7-1536x1152.jpg 1536w, https:\/\/www.traveltelling.net\/wp-content\/uploads\/2019\/09\/Erfahrungsbericht-Osprey-Krestel-Wanderrucksack-7.jpg 1600w\" data-sizes=\"auto\" data-orig-sizes=\"(max-width: 1600px) 100vw, 1600px\" \/><\/p>\n<h2><strong>Stauraum und Aufteilung<\/strong><\/h2>\n<p>Wenn du wie ich, kein Freund von Toploadern ohne extra Seiten\u00f6ffnung bist, da du es bevorzugst, schnellen Zugang zu h\u00e4ufig genutzter Ausr\u00fcstung zu haben, ist der Trekking-Rucksack Osprey Kestrel mit 48 Litern wie f\u00fcr dich gemacht. Er verf\u00fcgt \u00fcber sieben Taschen bzw. F\u00e4cher sowie einem langen Rei\u00dfverschluss an der rechten Seite,\u00a0 der dir den unkomplizierten Zugriff zum gro\u00dfen Innenfach erm\u00f6glicht, ohne den Rucksack aufwendig von oben \u00f6ffnen zu m\u00fcssen. An der linken Seite befindet sich eine zus\u00e4tzliche ger\u00e4umige Tasche, in der du zum Beispiel Kartenmaterial oder Regenjacke- und -hose verstauen kannst. Das gro\u00dfe Meshnetz au\u00dfen eignet sich optimal f\u00fcr feucht gewordene Klamotten.<\/p>\n<p><img decoding=\"async\" class=\"lazyload aligncenter size-full wp-image-15630\" src=\"https:\/\/www.traveltelling.net\/wp-content\/uploads\/2019\/09\/Erfahrungsbericht-Osprey-Krestel-Wanderrucksack-14.jpg\" data-orig-src=\"https:\/\/www.traveltelling.net\/wp-content\/uploads\/2019\/09\/Erfahrungsbericht-Osprey-Krestel-Wanderrucksack-14.jpg\" alt=\"\" width=\"1600\" height=\"1200\" srcset=\"data:image\/svg+xml,%3Csvg%20xmlns%3D%27http%3A%2F%2Fwww.w3.org%2F2000%2Fsvg%27%20width%3D%271600%27%20height%3D%271200%27%20viewBox%3D%270%200%201600%201200%27%3E%3Crect%20width%3D%271600%27%20height%3D%271200%27%20fill-opacity%3D%220%22%2F%3E%3C%2Fsvg%3E\" data-srcset=\"https:\/\/www.traveltelling.net\/wp-content\/uploads\/2019\/09\/Erfahrungsbericht-Osprey-Krestel-Wanderrucksack-14-200x150.jpg 200w, https:\/\/www.traveltelling.net\/wp-content\/uploads\/2019\/09\/Erfahrungsbericht-Osprey-Krestel-Wanderrucksack-14-400x300.jpg 400w, https:\/\/www.traveltelling.net\/wp-content\/uploads\/2019\/09\/Erfahrungsbericht-Osprey-Krestel-Wanderrucksack-14-600x450.jpg 600w, https:\/\/www.traveltelling.net\/wp-content\/uploads\/2019\/09\/Erfahrungsbericht-Osprey-Krestel-Wanderrucksack-14-800x600.jpg 800w, https:\/\/www.traveltelling.net\/wp-content\/uploads\/2019\/09\/Erfahrungsbericht-Osprey-Krestel-Wanderrucksack-14-1200x900.jpg 1200w, https:\/\/www.traveltelling.net\/wp-content\/uploads\/2019\/09\/Erfahrungsbericht-Osprey-Krestel-Wanderrucksack-14-1536x1152.jpg 1536w, https:\/\/www.traveltelling.net\/wp-content\/uploads\/2019\/09\/Erfahrungsbericht-Osprey-Krestel-Wanderrucksack-14.jpg 1600w\" data-sizes=\"auto\" data-orig-sizes=\"(max-width: 1600px) 100vw, 1600px\" \/><\/p>\n<p><img decoding=\"async\" class=\"lazyload aligncenter size-full wp-image-15610\" src=\"https:\/\/www.traveltelling.net\/wp-content\/uploads\/2019\/09\/Erfahrungsbericht-Osprey-Krestel-Wanderrucksack-4.jpg\" data-orig-src=\"https:\/\/www.traveltelling.net\/wp-content\/uploads\/2019\/09\/Erfahrungsbericht-Osprey-Krestel-Wanderrucksack-4.jpg\" alt=\"\" width=\"1600\" height=\"1200\" srcset=\"data:image\/svg+xml,%3Csvg%20xmlns%3D%27http%3A%2F%2Fwww.w3.org%2F2000%2Fsvg%27%20width%3D%271600%27%20height%3D%271200%27%20viewBox%3D%270%200%201600%201200%27%3E%3Crect%20width%3D%271600%27%20height%3D%271200%27%20fill-opacity%3D%220%22%2F%3E%3C%2Fsvg%3E\" data-srcset=\"https:\/\/www.traveltelling.net\/wp-content\/uploads\/2019\/09\/Erfahrungsbericht-Osprey-Krestel-Wanderrucksack-4-200x150.jpg 200w, https:\/\/www.traveltelling.net\/wp-content\/uploads\/2019\/09\/Erfahrungsbericht-Osprey-Krestel-Wanderrucksack-4-400x300.jpg 400w, https:\/\/www.traveltelling.net\/wp-content\/uploads\/2019\/09\/Erfahrungsbericht-Osprey-Krestel-Wanderrucksack-4-600x450.jpg 600w, https:\/\/www.traveltelling.net\/wp-content\/uploads\/2019\/09\/Erfahrungsbericht-Osprey-Krestel-Wanderrucksack-4-800x600.jpg 800w, https:\/\/www.traveltelling.net\/wp-content\/uploads\/2019\/09\/Erfahrungsbericht-Osprey-Krestel-Wanderrucksack-4-1200x900.jpg 1200w, https:\/\/www.traveltelling.net\/wp-content\/uploads\/2019\/09\/Erfahrungsbericht-Osprey-Krestel-Wanderrucksack-4-1536x1152.jpg 1536w, https:\/\/www.traveltelling.net\/wp-content\/uploads\/2019\/09\/Erfahrungsbericht-Osprey-Krestel-Wanderrucksack-4.jpg 1600w\" data-sizes=\"auto\" data-orig-sizes=\"(max-width: 1600px) 100vw, 1600px\" \/><\/p>\n<p><img decoding=\"async\" class=\"lazyload aligncenter size-full wp-image-15620\" src=\"https:\/\/www.traveltelling.net\/wp-content\/uploads\/2019\/09\/Erfahrungsbericht-Osprey-Krestel-Wanderrucksack-9.jpg\" data-orig-src=\"https:\/\/www.traveltelling.net\/wp-content\/uploads\/2019\/09\/Erfahrungsbericht-Osprey-Krestel-Wanderrucksack-9.jpg\" alt=\"\" width=\"1600\" height=\"1200\" srcset=\"data:image\/svg+xml,%3Csvg%20xmlns%3D%27http%3A%2F%2Fwww.w3.org%2F2000%2Fsvg%27%20width%3D%271600%27%20height%3D%271200%27%20viewBox%3D%270%200%201600%201200%27%3E%3Crect%20width%3D%271600%27%20height%3D%271200%27%20fill-opacity%3D%220%22%2F%3E%3C%2Fsvg%3E\" data-srcset=\"https:\/\/www.traveltelling.net\/wp-content\/uploads\/2019\/09\/Erfahrungsbericht-Osprey-Krestel-Wanderrucksack-9-200x150.jpg 200w, https:\/\/www.traveltelling.net\/wp-content\/uploads\/2019\/09\/Erfahrungsbericht-Osprey-Krestel-Wanderrucksack-9-400x300.jpg 400w, https:\/\/www.traveltelling.net\/wp-content\/uploads\/2019\/09\/Erfahrungsbericht-Osprey-Krestel-Wanderrucksack-9-600x450.jpg 600w, https:\/\/www.traveltelling.net\/wp-content\/uploads\/2019\/09\/Erfahrungsbericht-Osprey-Krestel-Wanderrucksack-9-800x600.jpg 800w, https:\/\/www.traveltelling.net\/wp-content\/uploads\/2019\/09\/Erfahrungsbericht-Osprey-Krestel-Wanderrucksack-9-1200x900.jpg 1200w, https:\/\/www.traveltelling.net\/wp-content\/uploads\/2019\/09\/Erfahrungsbericht-Osprey-Krestel-Wanderrucksack-9-1536x1152.jpg 1536w, https:\/\/www.traveltelling.net\/wp-content\/uploads\/2019\/09\/Erfahrungsbericht-Osprey-Krestel-Wanderrucksack-9.jpg 1600w\" data-sizes=\"auto\" data-orig-sizes=\"(max-width: 1600px) 100vw, 1600px\" \/><\/p>\n<p><img decoding=\"async\" class=\"lazyload aligncenter size-full wp-image-15618\" src=\"data:image\/svg+xml,%3Csvg%20xmlns%3D%27http%3A%2F%2Fwww.w3.org%2F2000%2Fsvg%27%20width%3D%271600%27%20height%3D%271200%27%20viewBox%3D%270%200%201600%201200%27%3E%3Crect%20width%3D%271600%27%20height%3D%271200%27%20fill-opacity%3D%220%22%2F%3E%3C%2Fsvg%3E\" data-orig-src=\"https:\/\/www.traveltelling.net\/wp-content\/uploads\/2019\/09\/Erfahrungsbericht-Osprey-Krestel-Wanderrucksack-8.jpg\" alt=\"\" width=\"1600\" height=\"1200\" \/><\/p>\n<p>Ein weiter Grund, weshalb ich mich f\u00fcr diesen Wanderrucksack entschieden habe, sind die insgesamt ZWEI H\u00fcftgurttaschen. Da die meisten Rucksackherstellter meist nur eine Seite mit einer Tasche an der H\u00fcste ausstatten, hat Osprey hier wunderbar mitgedacht. So hat man Dinge wie Handy, Kamera, Kompass oder GoPro immer schnell griffbereit, ohne den Rucksack daf\u00fcr absetzen zu m\u00fcssen.<\/p>\n<p><img decoding=\"async\" class=\"lazyload aligncenter size-full wp-image-15612\" src=\"https:\/\/www.traveltelling.net\/wp-content\/uploads\/2019\/09\/Erfahrungsbericht-Osprey-Krestel-Wanderrucksack-5.jpg\" data-orig-src=\"https:\/\/www.traveltelling.net\/wp-content\/uploads\/2019\/09\/Erfahrungsbericht-Osprey-Krestel-Wanderrucksack-5.jpg\" alt=\"\" width=\"1600\" height=\"1200\" srcset=\"data:image\/svg+xml,%3Csvg%20xmlns%3D%27http%3A%2F%2Fwww.w3.org%2F2000%2Fsvg%27%20width%3D%271600%27%20height%3D%271200%27%20viewBox%3D%270%200%201600%201200%27%3E%3Crect%20width%3D%271600%27%20height%3D%271200%27%20fill-opacity%3D%220%22%2F%3E%3C%2Fsvg%3E\" data-srcset=\"https:\/\/www.traveltelling.net\/wp-content\/uploads\/2019\/09\/Erfahrungsbericht-Osprey-Krestel-Wanderrucksack-5-200x150.jpg 200w, https:\/\/www.traveltelling.net\/wp-content\/uploads\/2019\/09\/Erfahrungsbericht-Osprey-Krestel-Wanderrucksack-5-400x300.jpg 400w, https:\/\/www.traveltelling.net\/wp-content\/uploads\/2019\/09\/Erfahrungsbericht-Osprey-Krestel-Wanderrucksack-5-600x450.jpg 600w, https:\/\/www.traveltelling.net\/wp-content\/uploads\/2019\/09\/Erfahrungsbericht-Osprey-Krestel-Wanderrucksack-5-800x600.jpg 800w, https:\/\/www.traveltelling.net\/wp-content\/uploads\/2019\/09\/Erfahrungsbericht-Osprey-Krestel-Wanderrucksack-5-1200x900.jpg 1200w, https:\/\/www.traveltelling.net\/wp-content\/uploads\/2019\/09\/Erfahrungsbericht-Osprey-Krestel-Wanderrucksack-5-1536x1152.jpg 1536w, https:\/\/www.traveltelling.net\/wp-content\/uploads\/2019\/09\/Erfahrungsbericht-Osprey-Krestel-Wanderrucksack-5.jpg 1600w\" data-sizes=\"auto\" data-orig-sizes=\"(max-width: 1600px) 100vw, 1600px\" \/><\/p>\n<p>Ins Schlafsackfach passen meine XL Schlafs\u00e4cke, der Ratio45 von Mountain Hardware sowie der Yeti Passion 5 jeweils optimal rein. Eine flexible Trennwand zum Schlafsackfach erm\u00f6glicht die komplette Nutzung des Innenraums als Ganzes.<\/p>\n<p>Im Innenteil des Deckelfachs ist eine praktische Netztasche integriert, die sich ideal f\u00fcr die Verstauung eines kleinen Kulturbeutels eignet. Trekkingst\u00fccke lassen sich au\u00dfen in der daf\u00fcr vorgesehen Vorrichtung anbringen.<\/p>\n<p><img decoding=\"async\" class=\"lazyload aligncenter size-full wp-image-15697\" src=\"https:\/\/www.traveltelling.net\/wp-content\/uploads\/2019\/09\/Osprey-Krestel-48-Testbericht-2.jpg\" data-orig-src=\"https:\/\/www.traveltelling.net\/wp-content\/uploads\/2019\/09\/Osprey-Krestel-48-Testbericht-2.jpg\" alt=\"\" width=\"1600\" height=\"1200\" srcset=\"data:image\/svg+xml,%3Csvg%20xmlns%3D%27http%3A%2F%2Fwww.w3.org%2F2000%2Fsvg%27%20width%3D%271600%27%20height%3D%271200%27%20viewBox%3D%270%200%201600%201200%27%3E%3Crect%20width%3D%271600%27%20height%3D%271200%27%20fill-opacity%3D%220%22%2F%3E%3C%2Fsvg%3E\" data-srcset=\"https:\/\/www.traveltelling.net\/wp-content\/uploads\/2019\/09\/Osprey-Krestel-48-Testbericht-2-200x150.jpg 200w, https:\/\/www.traveltelling.net\/wp-content\/uploads\/2019\/09\/Osprey-Krestel-48-Testbericht-2-400x300.jpg 400w, https:\/\/www.traveltelling.net\/wp-content\/uploads\/2019\/09\/Osprey-Krestel-48-Testbericht-2-600x450.jpg 600w, https:\/\/www.traveltelling.net\/wp-content\/uploads\/2019\/09\/Osprey-Krestel-48-Testbericht-2-800x600.jpg 800w, https:\/\/www.traveltelling.net\/wp-content\/uploads\/2019\/09\/Osprey-Krestel-48-Testbericht-2-1200x900.jpg 1200w, https:\/\/www.traveltelling.net\/wp-content\/uploads\/2019\/09\/Osprey-Krestel-48-Testbericht-2-1536x1152.jpg 1536w, https:\/\/www.traveltelling.net\/wp-content\/uploads\/2019\/09\/Osprey-Krestel-48-Testbericht-2.jpg 1600w\" data-sizes=\"auto\" data-orig-sizes=\"(max-width: 1600px) 100vw, 1600px\" \/><\/p>\n<h2><strong>Gewicht und Tragekomfort: Osprey vs. Deuter<\/strong><\/h2>\n<p>Wie bereits erw\u00e4hnt, bin ich von Deuter zur\u00fcck zu Osprey gewechselt, da Gewicht und Tragekomfort der Wander- und Trekkingrucks\u00e4cke einfach unschlagbar sind. Zumindest meinem Empfinden nach, da hat ja jeder seine ganz eigene Meinung. Aber mit gerade mal 1,6 kg hat man sich schon ganze 1 kg zum vergleichbaren Deuter Active 55L gespart.<\/p>\n<p>Dank der AirSpace R\u00fcckenplatte mit Schaumstoffrippen liegt der Rucksack angenehm am R\u00fccken und durch die gepolstertesten H\u00fcftgurte verteilt sich das Hauptgewicht optimal und sehr angenehm auf den H\u00fcften. Nur ein ultra leichter Wanderrucksack wie z.B der Osprey Levity ist noch angenehmer zu tragen, hat daf\u00fcr aber keine extra F\u00e4cher und Taschen. Ich freue mich schon jetzt auf meine n\u00e4chste Wandertour.<\/p>\n<p><img decoding=\"async\" class=\"lazyload aligncenter size-full wp-image-15632\" src=\"https:\/\/www.traveltelling.net\/wp-content\/uploads\/2019\/09\/Erfahrungsbericht-Osprey-Krestel-Wanderrucksack-1.jpg\" data-orig-src=\"https:\/\/www.traveltelling.net\/wp-content\/uploads\/2019\/09\/Erfahrungsbericht-Osprey-Krestel-Wanderrucksack-1.jpg\" alt=\"\" width=\"1600\" height=\"1200\" srcset=\"data:image\/svg+xml,%3Csvg%20xmlns%3D%27http%3A%2F%2Fwww.w3.org%2F2000%2Fsvg%27%20width%3D%271600%27%20height%3D%271200%27%20viewBox%3D%270%200%201600%201200%27%3E%3Crect%20width%3D%271600%27%20height%3D%271200%27%20fill-opacity%3D%220%22%2F%3E%3C%2Fsvg%3E\" data-srcset=\"https:\/\/www.traveltelling.net\/wp-content\/uploads\/2019\/09\/Erfahrungsbericht-Osprey-Krestel-Wanderrucksack-1-200x150.jpg 200w, https:\/\/www.traveltelling.net\/wp-content\/uploads\/2019\/09\/Erfahrungsbericht-Osprey-Krestel-Wanderrucksack-1-400x300.jpg 400w, https:\/\/www.traveltelling.net\/wp-content\/uploads\/2019\/09\/Erfahrungsbericht-Osprey-Krestel-Wanderrucksack-1-600x450.jpg 600w, https:\/\/www.traveltelling.net\/wp-content\/uploads\/2019\/09\/Erfahrungsbericht-Osprey-Krestel-Wanderrucksack-1-800x600.jpg 800w, https:\/\/www.traveltelling.net\/wp-content\/uploads\/2019\/09\/Erfahrungsbericht-Osprey-Krestel-Wanderrucksack-1-1200x900.jpg 1200w, https:\/\/www.traveltelling.net\/wp-content\/uploads\/2019\/09\/Erfahrungsbericht-Osprey-Krestel-Wanderrucksack-1-1536x1152.jpg 1536w, https:\/\/www.traveltelling.net\/wp-content\/uploads\/2019\/09\/Erfahrungsbericht-Osprey-Krestel-Wanderrucksack-1.jpg 1600w\" data-sizes=\"auto\" data-orig-sizes=\"(max-width: 1600px) 100vw, 1600px\" \/><\/p>\n<h2><strong>Noch ein paar Worte zur Damenvariante, dem Osprey Kyte 46<\/strong><\/h2>\n<p>Meine Wanderbegleitung Barbara hat sich f\u00fcr den Osprey Kyte 46 entschieden und urteilt neben oben wie folgt:<\/p>\n<p>&#8222;Super praktischer Wanderrucksack mit sehr hohem Tragekomfort und dazu auch noch in einer ziemlich coolen Farbe. Auch ich finde v.a. die beiden H\u00fcfttaschen, den Seitenzugriff zum Hauptfach und die Aufteilung der verschiedenen F\u00e4cher insgesamt richtig praktisch. Dank der angenehm gepolsterten H\u00fcftgurte kann man auch mit gepacktem Rucksack ohne Probleme eine l\u00e4ngere Distanz laufen. Hilfreich daf\u00fcr ist auch, dass das R\u00fcckenteil gr\u00f6\u00dfenverstellbar und somit wirklich sehr individuell anpassbar ist. Insgesamt ist Design und Umsetzung dieses Rucksacks mehr als gelungen.&#8220;<\/p>\n<p><img decoding=\"async\" class=\"lazyload aligncenter size-full wp-image-15636\" src=\"https:\/\/www.traveltelling.net\/wp-content\/uploads\/2019\/09\/Bester-Wanderrucksack-Osprey-Krestel.jpg\" data-orig-src=\"https:\/\/www.traveltelling.net\/wp-content\/uploads\/2019\/09\/Bester-Wanderrucksack-Osprey-Krestel.jpg\" alt=\"\" width=\"1200\" height=\"628\" srcset=\"data:image\/svg+xml,%3Csvg%20xmlns%3D%27http%3A%2F%2Fwww.w3.org%2F2000%2Fsvg%27%20width%3D%271200%27%20height%3D%27628%27%20viewBox%3D%270%200%201200%20628%27%3E%3Crect%20width%3D%271200%27%20height%3D%27628%27%20fill-opacity%3D%220%22%2F%3E%3C%2Fsvg%3E\" data-srcset=\"https:\/\/www.traveltelling.net\/wp-content\/uploads\/2019\/09\/Bester-Wanderrucksack-Osprey-Krestel-200x105.jpg 200w, https:\/\/www.traveltelling.net\/wp-content\/uploads\/2019\/09\/Bester-Wanderrucksack-Osprey-Krestel-400x209.jpg 400w, https:\/\/www.traveltelling.net\/wp-content\/uploads\/2019\/09\/Bester-Wanderrucksack-Osprey-Krestel-600x314.jpg 600w, https:\/\/www.traveltelling.net\/wp-content\/uploads\/2019\/09\/Bester-Wanderrucksack-Osprey-Krestel-800x419.jpg 800w, https:\/\/www.traveltelling.net\/wp-content\/uploads\/2019\/09\/Bester-Wanderrucksack-Osprey-Krestel.jpg 1200w\" data-sizes=\"auto\" data-orig-sizes=\"(max-width: 1200px) 100vw, 1200px\" \/><\/p>\n<h2><strong>Meine Packliste f\u00fcr eine Mehrtagestour mit dem Osprey Kestrel 48 (Fr\u00fchling bis Herbst):<\/strong><\/h2>\n<p><strong>Tipp: Der Rucksacke sollte beladen ca. 10% deines K\u00f6rpergewichtes wiegen. Bei mir sind das rund 9 Kilo.\u00a0Was habe ich also alles dabei?<\/strong><\/p>\n<ul>\n<li>Schlafsack (Mountain Hardwear Ratio45, angenehm ab 13 Grad. Yeti Passion5, ideal zwischen 4-12 Grad)<\/li>\n<li>Isomatte (Thermarest ProLite Plus L idealerweise am \u00e4u\u00dferen Schlafsackfach befestigen, so steht der Rucksack und f\u00e4llt nicht um. Alternativ SeaToSummit UltraLight L, kann innen untergebracht werden.)<\/li>\n<li>Zelt (<a href=\"https:\/\/www.traveltelling.net\/de\/testbericht-bestes-2-personen-zelt-telemark-2lw-von-nordisk\/\">Nordisk Telemark2<\/a> optimal f\u00fcr eine Person oder MSR Muttha Hubba NX 2 oder 3 Personen Zelt auf zwei Rucks\u00e4cke aufteilen, wenn man zu zweit unterwegs ist.)<\/li>\n<li>SeaToSummit Hanging Toiletry Bag Kulturbeutel (Reisepackungen bzw. Abf\u00fcllen in kleine Beh\u00e4lter)<\/li>\n<li>3in1 Waschpulver von Plaine (Nur 3g pro Packung, ausf\u00fchrliche Beschreibung in meiner <a href=\"https:\/\/www.traveltelling.net\/de\/fahrrad-reise-packliste-tipps\/\">Fahrradreisen Packliste<\/a>.)<\/li>\n<li>Microfaser Handtuch 40x120cm<\/li>\n<li>3x T-Shirts, 2x Socken, 3x Unterw\u00e4sche, 1x kurze Hose, 1x lange Wanderhose Vaude, 1x Regenjacke, 1 Regenhose, 1x d\u00fcnne Jacke, 1x Baff Tuch<\/li>\n<li>2-3 ultraleichte Osprey Organzier f\u00fcr deine Klamotten<\/li>\n<li>Technik: Handy, Kamera, GoPro, <a href=\"https:\/\/www.traveltelling.net\/de\/testbericht-bluetooth-kopfhoerer-earbuds-jabra-elite-active-65t\/\">Jabra Ear-Buds<\/a>, Power Bank oder Solar Panel leSolarPad von Stodeus<\/li>\n<li>Ultraleichter Drysack 8-13L<\/li>\n<li>Lightmyfire Titan Fork<\/li>\n<li>Opinel Messer<\/li>\n<li>Trangila Kochset wenn ihr zu zweit seid<\/li>\n<li>Leichter Plastikteller<\/li>\n<li>Kopflampe oder Gl\u00fchbirne mit Karabiner von Monkeez<\/li>\n<li>5x Plastikt\u00fcten f\u00fcr M\u00fcll<\/li>\n<li>Sonnenbrille, Sonnencreme, optional Flip Flops<\/li>\n<\/ul>\n<p><img decoding=\"async\" class=\"lazyload aligncenter wp-image-15711 size-full\" src=\"https:\/\/www.traveltelling.net\/wp-content\/uploads\/2019\/09\/Osprey-Krestel-48-Solar-pAd-beim-Wandern-e1569589726685.jpg\" data-orig-src=\"https:\/\/www.traveltelling.net\/wp-content\/uploads\/2019\/09\/Osprey-Krestel-48-Solar-pAd-beim-Wandern-e1569589726685.jpg\" alt=\"\" width=\"1198\" height=\"2184\" srcset=\"data:image\/svg+xml,%3Csvg%20xmlns%3D%27http%3A%2F%2Fwww.w3.org%2F2000%2Fsvg%27%20width%3D%271198%27%20height%3D%272184%27%20viewBox%3D%270%200%201198%202184%27%3E%3Crect%20width%3D%271198%27%20height%3D%272184%27%20fill-opacity%3D%220%22%2F%3E%3C%2Fsvg%3E\" data-srcset=\"https:\/\/www.traveltelling.net\/wp-content\/uploads\/2019\/09\/Osprey-Krestel-48-Solar-pAd-beim-Wandern-e1569589726685-200x365.jpg 200w, https:\/\/www.traveltelling.net\/wp-content\/uploads\/2019\/09\/Osprey-Krestel-48-Solar-pAd-beim-Wandern-e1569589726685-400x729.jpg 400w, https:\/\/www.traveltelling.net\/wp-content\/uploads\/2019\/09\/Osprey-Krestel-48-Solar-pAd-beim-Wandern-e1569589726685-600x1094.jpg 600w, https:\/\/www.traveltelling.net\/wp-content\/uploads\/2019\/09\/Osprey-Krestel-48-Solar-pAd-beim-Wandern-e1569589726685-800x1458.jpg 800w, https:\/\/www.traveltelling.net\/wp-content\/uploads\/2019\/09\/Osprey-Krestel-48-Solar-pAd-beim-Wandern-e1569589726685-843x1536.jpg 843w, https:\/\/www.traveltelling.net\/wp-content\/uploads\/2019\/09\/Osprey-Krestel-48-Solar-pAd-beim-Wandern-e1569589726685-1123x2048.jpg 1123w, https:\/\/www.traveltelling.net\/wp-content\/uploads\/2019\/09\/Osprey-Krestel-48-Solar-pAd-beim-Wandern-e1569589726685.jpg 1198w\" data-sizes=\"auto\" data-orig-sizes=\"(max-width: 1198px) 100vw, 1198px\" \/><\/p>\n<h2>Prktisches Osprey Zubeh\u00f6r:<\/h2>\n<ul>\n<li>Passender 3L Osprey Hydraulics Trinkbeutel<\/li>\n<li>Osprey Ultra Light Double Sided Cube &#8211; Gr\u00f6\u00dfe Medium<\/li>\n<\/ul>\n<p><img decoding=\"async\" class=\"lazyload aligncenter size-full wp-image-15699\" src=\"https:\/\/www.traveltelling.net\/wp-content\/uploads\/2019\/09\/Osprey-Krestel-48-Testbericht.jpg\" data-orig-src=\"https:\/\/www.traveltelling.net\/wp-content\/uploads\/2019\/09\/Osprey-Krestel-48-Testbericht.jpg\" alt=\"\" width=\"1867\" height=\"1200\" srcset=\"data:image\/svg+xml,%3Csvg%20xmlns%3D%27http%3A%2F%2Fwww.w3.org%2F2000%2Fsvg%27%20width%3D%271867%27%20height%3D%271200%27%20viewBox%3D%270%200%201867%201200%27%3E%3Crect%20width%3D%271867%27%20height%3D%271200%27%20fill-opacity%3D%220%22%2F%3E%3C%2Fsvg%3E\" data-srcset=\"https:\/\/www.traveltelling.net\/wp-content\/uploads\/2019\/09\/Osprey-Krestel-48-Testbericht-200x129.jpg 200w, https:\/\/www.traveltelling.net\/wp-content\/uploads\/2019\/09\/Osprey-Krestel-48-Testbericht-400x257.jpg 400w, https:\/\/www.traveltelling.net\/wp-content\/uploads\/2019\/09\/Osprey-Krestel-48-Testbericht-460x295.jpg 460w, https:\/\/www.traveltelling.net\/wp-content\/uploads\/2019\/09\/Osprey-Krestel-48-Testbericht-600x386.jpg 600w, https:\/\/www.traveltelling.net\/wp-content\/uploads\/2019\/09\/Osprey-Krestel-48-Testbericht-800x514.jpg 800w, https:\/\/www.traveltelling.net\/wp-content\/uploads\/2019\/09\/Osprey-Krestel-48-Testbericht-1200x771.jpg 1200w, https:\/\/www.traveltelling.net\/wp-content\/uploads\/2019\/09\/Osprey-Krestel-48-Testbericht-1536x987.jpg 1536w, https:\/\/www.traveltelling.net\/wp-content\/uploads\/2019\/09\/Osprey-Krestel-48-Testbericht.jpg 1867w\" data-sizes=\"auto\" data-orig-sizes=\"(max-width: 1867px) 100vw, 1867px\" \/><\/p>\n<h2>Hier bekommst du die Rucks\u00e4cke sowie das passende Zubeh\u00f6r:<\/h2>\n<p>Eine tolle Wandertour durchs M\u00fcnsterland <a href=\"https:\/\/www.traveltelling.net\/de\/muensterland-wandern-teutoschleifen-doerenther-klippen\/\">findest du hier<\/a>. Wer zwischendurch auch mal gerne mit dem Fahrrad reist, der schaut schaut sich am besten meine <a href=\"https:\/\/www.traveltelling.net\/de\/fahrrad-reise-packliste-tipps\/\">Radreisen Packliste<\/a> oder <a href=\"https:\/\/www.traveltelling.net\/de\/radreisen\/\">Tipps f\u00fcr Radtouren<\/a> in Deutschland und Europa an.<\/p>\n<p><em>Transparenzhinweis: Der Kestrel 48 sowie der Kyte 46 inklusive Trinkblasen und Pack Organizer wurden uns von Osprey auf unsere Anfrage hin als Testprodukte zur Verf\u00fcgung gestellt. Die Amazon Links sind Amazon Affiliate Links. Dir entsteht kein Nachteil \u00fcber den dar\u00fcber get\u00e4tigten Kauf. Ich verdiene jedoch eine kleine Provision f\u00fcr meine Arbeit.<\/em><\/p>\n<h2 style=\"text-align: center;\">Auf Pinterest!? Pin it!<\/h2>\n<p><img decoding=\"async\" class=\"lazyload aligncenter wp-image-15643 size-full\" src=\"https:\/\/www.traveltelling.net\/wp-content\/uploads\/2019\/09\/Bester-Wanderrucksack-Osprey-Krestel-und-Kyte-test-Erfahrungsbericht.jpg\" data-orig-src=\"https:\/\/www.traveltelling.net\/wp-content\/uploads\/2019\/09\/Bester-Wanderrucksack-Osprey-Krestel-und-Kyte-test-Erfahrungsbericht.jpg\" alt=\"Der perfekte Wanderrucksack f\u00fcr Mehrtagestouren + Packliste #wandern #packliste #osprey\" width=\"735\" height=\"1102\" srcset=\"data:image\/svg+xml,%3Csvg%20xmlns%3D%27http%3A%2F%2Fwww.w3.org%2F2000%2Fsvg%27%20width%3D%27735%27%20height%3D%271102%27%20viewBox%3D%270%200%20735%201102%27%3E%3Crect%20width%3D%27735%27%20height%3D%271102%27%20fill-opacity%3D%220%22%2F%3E%3C%2Fsvg%3E\" data-srcset=\"https:\/\/www.traveltelling.net\/wp-content\/uploads\/2019\/09\/Bester-Wanderrucksack-Osprey-Krestel-und-Kyte-test-Erfahrungsbericht-200x300.jpg 200w, https:\/\/www.traveltelling.net\/wp-content\/uploads\/2019\/09\/Bester-Wanderrucksack-Osprey-Krestel-und-Kyte-test-Erfahrungsbericht-400x600.jpg 400w, https:\/\/www.traveltelling.net\/wp-content\/uploads\/2019\/09\/Bester-Wanderrucksack-Osprey-Krestel-und-Kyte-test-Erfahrungsbericht-600x900.jpg 600w, https:\/\/www.traveltelling.net\/wp-content\/uploads\/2019\/09\/Bester-Wanderrucksack-Osprey-Krestel-und-Kyte-test-Erfahrungsbericht.jpg 735w\" data-sizes=\"auto\" data-orig-sizes=\"(max-width: 735px) 100vw, 735px\" \/><\/p>\n","protected":false},"excerpt":{"rendered":"<p> <a href=\"https:\/\/www.traveltelling.net\/de\/wandern-bester-wander-rucksack-mehrtagestouren-packliste\/\"> Weiterlesen<\/a><\/p>\n","protected":false},"author":4,"featured_media":15636,"comment_status":"open","ping_status":"open","sticky":false,"template":"","format":"standard","meta":{"footnotes":""},"categories":[868],"tags":[947],"class_list":["post-15597","post","type-post","status-publish","format-standard","has-post-thumbnail","hentry","category-reisetipps","tag-wandern"],"yoast_head":"<!-- This site is optimized with the Yoast SEO plugin v27.4 - https:\/\/yoast.com\/product\/yoast-seo-wordpress\/ -->\n<title>Osprey Kestrel 48 Erfahrungsbericht - Wanderrucksack + Packliste<\/title>\n<meta name=\"description\" content=\"Wir haben den Osprey Kestrel 48 und den Kyte 46 ausgiebig getestet sowie eine komplette Packliste f\u00fcr ultraleicht Fans mit Komfortanspr\u00fcchen ausgearbeitet.\" \/>\n<meta name=\"robots\" content=\"index, follow, max-snippet:-1, max-image-preview:large, max-video-preview:-1\" \/>\n<link rel=\"canonical\" href=\"https:\/\/www.traveltelling.net\/de\/wandern-bester-wander-rucksack-mehrtagestouren-packliste\/\" \/>\n<meta property=\"og:locale\" content=\"de_DE\" \/>\n<meta property=\"og:type\" content=\"article\" \/>\n<meta property=\"og:title\" content=\"Osprey Kestrel 48 Erfahrungsbericht - Wanderrucksack + Packliste\" \/>\n<meta property=\"og:description\" content=\"Wir haben den Osprey Kestrel 48 und den Kyte 46 ausgiebig getestet sowie eine komplette Packliste f\u00fcr ultraleicht Fans mit Komfortanspr\u00fcchen ausgearbeitet.\" \/>\n<meta property=\"og:url\" content=\"https:\/\/www.traveltelling.net\/de\/wandern-bester-wander-rucksack-mehrtagestouren-packliste\/\" \/>\n<meta property=\"og:site_name\" content=\"TravelTelling\" \/>\n<meta property=\"article:publisher\" content=\"https:\/\/www.facebook.com\/traveltelling\" \/>\n<meta property=\"article:author\" content=\"https:\/\/www.facebook.com\/traveltelling\" \/>\n<meta property=\"article:published_time\" content=\"2019-10-01T12:03:29+00:00\" \/>\n<meta property=\"article:modified_time\" content=\"2025-08-13T09:07:14+00:00\" \/>\n<meta property=\"og:image\" content=\"https:\/\/www.traveltelling.net\/wp-content\/uploads\/2019\/09\/Bester-Wanderrucksack-Osprey-Krestel.jpg\" \/>\n\t<meta property=\"og:image:width\" content=\"1200\" \/>\n\t<meta property=\"og:image:height\" content=\"628\" \/>\n\t<meta property=\"og:image:type\" content=\"image\/jpeg\" \/>\n<meta name=\"author\" content=\"Matthias\" \/>\n<meta name=\"twitter:card\" content=\"summary_large_image\" \/>\n<meta name=\"twitter:creator\" content=\"@traveltelling\" \/>\n<meta name=\"twitter:site\" content=\"@traveltelling\" \/>\n<meta name=\"twitter:label1\" content=\"Verfasst von\" \/>\n\t<meta name=\"twitter:data1\" content=\"Matthias\" \/>\n\t<meta name=\"twitter:label2\" content=\"Gesch\u00e4tzte Lesezeit\" \/>\n\t<meta name=\"twitter:data2\" content=\"9\u00a0Minuten\" \/>\n<script type=\"application\/ld+json\" class=\"yoast-schema-graph\">{\"@context\":\"https:\\\/\\\/schema.org\",\"@graph\":[{\"@type\":\"Article\",\"@id\":\"https:\\\/\\\/www.traveltelling.net\\\/de\\\/wandern-bester-wander-rucksack-mehrtagestouren-packliste\\\/#article\",\"isPartOf\":{\"@id\":\"https:\\\/\\\/www.traveltelling.net\\\/de\\\/wandern-bester-wander-rucksack-mehrtagestouren-packliste\\\/\"},\"author\":{\"name\":\"Matthias\",\"@id\":\"https:\\\/\\\/www.traveltelling.net\\\/de\\\/#\\\/schema\\\/person\\\/7549e44813ea4b392a23e4285b95fac4\"},\"headline\":\"Der perfekte Wanderrucksack f\u00fcr Mehrtagestouren + Packliste\",\"datePublished\":\"2019-10-01T12:03:29+00:00\",\"dateModified\":\"2025-08-13T09:07:14+00:00\",\"mainEntityOfPage\":{\"@id\":\"https:\\\/\\\/www.traveltelling.net\\\/de\\\/wandern-bester-wander-rucksack-mehrtagestouren-packliste\\\/\"},\"wordCount\":1112,\"commentCount\":5,\"image\":{\"@id\":\"https:\\\/\\\/www.traveltelling.net\\\/de\\\/wandern-bester-wander-rucksack-mehrtagestouren-packliste\\\/#primaryimage\"},\"thumbnailUrl\":\"https:\\\/\\\/www.traveltelling.net\\\/wp-content\\\/uploads\\\/2019\\\/09\\\/Bester-Wanderrucksack-Osprey-Krestel.jpg\",\"keywords\":[\"Wandern\"],\"articleSection\":[\"Reisetipps\"],\"inLanguage\":\"de\",\"potentialAction\":[{\"@type\":\"CommentAction\",\"name\":\"Comment\",\"target\":[\"https:\\\/\\\/www.traveltelling.net\\\/de\\\/wandern-bester-wander-rucksack-mehrtagestouren-packliste\\\/#respond\"]}]},{\"@type\":\"WebPage\",\"@id\":\"https:\\\/\\\/www.traveltelling.net\\\/de\\\/wandern-bester-wander-rucksack-mehrtagestouren-packliste\\\/\",\"url\":\"https:\\\/\\\/www.traveltelling.net\\\/de\\\/wandern-bester-wander-rucksack-mehrtagestouren-packliste\\\/\",\"name\":\"Osprey Kestrel 48 Erfahrungsbericht - Wanderrucksack + Packliste\",\"isPartOf\":{\"@id\":\"https:\\\/\\\/www.traveltelling.net\\\/de\\\/#website\"},\"primaryImageOfPage\":{\"@id\":\"https:\\\/\\\/www.traveltelling.net\\\/de\\\/wandern-bester-wander-rucksack-mehrtagestouren-packliste\\\/#primaryimage\"},\"image\":{\"@id\":\"https:\\\/\\\/www.traveltelling.net\\\/de\\\/wandern-bester-wander-rucksack-mehrtagestouren-packliste\\\/#primaryimage\"},\"thumbnailUrl\":\"https:\\\/\\\/www.traveltelling.net\\\/wp-content\\\/uploads\\\/2019\\\/09\\\/Bester-Wanderrucksack-Osprey-Krestel.jpg\",\"datePublished\":\"2019-10-01T12:03:29+00:00\",\"dateModified\":\"2025-08-13T09:07:14+00:00\",\"author\":{\"@id\":\"https:\\\/\\\/www.traveltelling.net\\\/de\\\/#\\\/schema\\\/person\\\/7549e44813ea4b392a23e4285b95fac4\"},\"description\":\"Wir haben den Osprey Kestrel 48 und den Kyte 46 ausgiebig getestet sowie eine komplette Packliste f\u00fcr ultraleicht Fans mit Komfortanspr\u00fcchen ausgearbeitet.\",\"breadcrumb\":{\"@id\":\"https:\\\/\\\/www.traveltelling.net\\\/de\\\/wandern-bester-wander-rucksack-mehrtagestouren-packliste\\\/#breadcrumb\"},\"inLanguage\":\"de\",\"potentialAction\":[{\"@type\":\"ReadAction\",\"target\":[\"https:\\\/\\\/www.traveltelling.net\\\/de\\\/wandern-bester-wander-rucksack-mehrtagestouren-packliste\\\/\"]}]},{\"@type\":\"ImageObject\",\"inLanguage\":\"de\",\"@id\":\"https:\\\/\\\/www.traveltelling.net\\\/de\\\/wandern-bester-wander-rucksack-mehrtagestouren-packliste\\\/#primaryimage\",\"url\":\"https:\\\/\\\/www.traveltelling.net\\\/wp-content\\\/uploads\\\/2019\\\/09\\\/Bester-Wanderrucksack-Osprey-Krestel.jpg\",\"contentUrl\":\"https:\\\/\\\/www.traveltelling.net\\\/wp-content\\\/uploads\\\/2019\\\/09\\\/Bester-Wanderrucksack-Osprey-Krestel.jpg\",\"width\":1200,\"height\":628},{\"@type\":\"BreadcrumbList\",\"@id\":\"https:\\\/\\\/www.traveltelling.net\\\/de\\\/wandern-bester-wander-rucksack-mehrtagestouren-packliste\\\/#breadcrumb\",\"itemListElement\":[{\"@type\":\"ListItem\",\"position\":1,\"name\":\"Startseite\",\"item\":\"https:\\\/\\\/www.traveltelling.net\\\/de\\\/\"},{\"@type\":\"ListItem\",\"position\":2,\"name\":\"Der perfekte Wanderrucksack f\u00fcr Mehrtagestouren + Packliste\"}]},{\"@type\":\"WebSite\",\"@id\":\"https:\\\/\\\/www.traveltelling.net\\\/de\\\/#website\",\"url\":\"https:\\\/\\\/www.traveltelling.net\\\/de\\\/\",\"name\":\"TravelTelling\",\"description\":\"Reiseberichte | Abenteuer | SlowTravel\",\"potentialAction\":[{\"@type\":\"SearchAction\",\"target\":{\"@type\":\"EntryPoint\",\"urlTemplate\":\"https:\\\/\\\/www.traveltelling.net\\\/de\\\/?s={search_term_string}\"},\"query-input\":{\"@type\":\"PropertyValueSpecification\",\"valueRequired\":true,\"valueName\":\"search_term_string\"}}],\"inLanguage\":\"de\"},{\"@type\":\"Person\",\"@id\":\"https:\\\/\\\/www.traveltelling.net\\\/de\\\/#\\\/schema\\\/person\\\/7549e44813ea4b392a23e4285b95fac4\",\"name\":\"Matthias\",\"image\":{\"@type\":\"ImageObject\",\"inLanguage\":\"de\",\"@id\":\"https:\\\/\\\/secure.gravatar.com\\\/avatar\\\/4edbfecaedc483864ee39ad53461d94aefe2719d1ed41994034d47bb3623ae6b?s=96&d=mm&r=g\",\"url\":\"https:\\\/\\\/secure.gravatar.com\\\/avatar\\\/4edbfecaedc483864ee39ad53461d94aefe2719d1ed41994034d47bb3623ae6b?s=96&d=mm&r=g\",\"contentUrl\":\"https:\\\/\\\/secure.gravatar.com\\\/avatar\\\/4edbfecaedc483864ee39ad53461d94aefe2719d1ed41994034d47bb3623ae6b?s=96&d=mm&r=g\",\"caption\":\"Matthias\"},\"description\":\"\u201eTravel is not reward for working, it\u2019s education for living\u201c.\u00a0Anthony Bourdain Hi, ich bin Matthias und reise gerne fernab der Massentourismuspfade, aktiv und abenteuerlich, aber zugleich auch genussvoll und entschleunigt. Am liebsten mit Rad, Rucksack oder Handgep\u00e4ck. Auf diesem Blog findest du neben Reiseberichten und Tipps auch Interviews, Gedanken, Gastartikel und viele Eindr\u00fccke zum Reisen mit dem Fahrrad.\",\"sameAs\":[\"https:\\\/\\\/www.traveltelling.net\\\/\",\"https:\\\/\\\/www.facebook.com\\\/traveltelling\",\"https:\\\/\\\/x.com\\\/traveltelling\"],\"url\":\"https:\\\/\\\/www.traveltelling.net\\\/de\\\/author\\\/matthias\\\/\"}]}<\/script>\n<!-- \/ Yoast SEO plugin. -->","yoast_head_json":{"title":"Osprey Kestrel 48 Erfahrungsbericht - Wanderrucksack + Packliste","description":"Wir haben den Osprey Kestrel 48 und den Kyte 46 ausgiebig getestet sowie eine komplette Packliste f\u00fcr ultraleicht Fans mit Komfortanspr\u00fcchen ausgearbeitet.","robots":{"index":"index","follow":"follow","max-snippet":"max-snippet:-1","max-image-preview":"max-image-preview:large","max-video-preview":"max-video-preview:-1"},"canonical":"https:\/\/www.traveltelling.net\/de\/wandern-bester-wander-rucksack-mehrtagestouren-packliste\/","og_locale":"de_DE","og_type":"article","og_title":"Osprey Kestrel 48 Erfahrungsbericht - Wanderrucksack + Packliste","og_description":"Wir haben den Osprey Kestrel 48 und den Kyte 46 ausgiebig getestet sowie eine komplette Packliste f\u00fcr ultraleicht Fans mit Komfortanspr\u00fcchen ausgearbeitet.","og_url":"https:\/\/www.traveltelling.net\/de\/wandern-bester-wander-rucksack-mehrtagestouren-packliste\/","og_site_name":"TravelTelling","article_publisher":"https:\/\/www.facebook.com\/traveltelling","article_author":"https:\/\/www.facebook.com\/traveltelling","article_published_time":"2019-10-01T12:03:29+00:00","article_modified_time":"2025-08-13T09:07:14+00:00","og_image":[{"width":1200,"height":628,"url":"https:\/\/www.traveltelling.net\/wp-content\/uploads\/2019\/09\/Bester-Wanderrucksack-Osprey-Krestel.jpg","type":"image\/jpeg"}],"author":"Matthias","twitter_card":"summary_large_image","twitter_creator":"@traveltelling","twitter_site":"@traveltelling","twitter_misc":{"Verfasst von":"Matthias","Gesch\u00e4tzte Lesezeit":"9\u00a0Minuten"},"schema":{"@context":"https:\/\/schema.org","@graph":[{"@type":"Article","@id":"https:\/\/www.traveltelling.net\/de\/wandern-bester-wander-rucksack-mehrtagestouren-packliste\/#article","isPartOf":{"@id":"https:\/\/www.traveltelling.net\/de\/wandern-bester-wander-rucksack-mehrtagestouren-packliste\/"},"author":{"name":"Matthias","@id":"https:\/\/www.traveltelling.net\/de\/#\/schema\/person\/7549e44813ea4b392a23e4285b95fac4"},"headline":"Der perfekte Wanderrucksack f\u00fcr Mehrtagestouren + Packliste","datePublished":"2019-10-01T12:03:29+00:00","dateModified":"2025-08-13T09:07:14+00:00","mainEntityOfPage":{"@id":"https:\/\/www.traveltelling.net\/de\/wandern-bester-wander-rucksack-mehrtagestouren-packliste\/"},"wordCount":1112,"commentCount":5,"image":{"@id":"https:\/\/www.traveltelling.net\/de\/wandern-bester-wander-rucksack-mehrtagestouren-packliste\/#primaryimage"},"thumbnailUrl":"https:\/\/www.traveltelling.net\/wp-content\/uploads\/2019\/09\/Bester-Wanderrucksack-Osprey-Krestel.jpg","keywords":["Wandern"],"articleSection":["Reisetipps"],"inLanguage":"de","potentialAction":[{"@type":"CommentAction","name":"Comment","target":["https:\/\/www.traveltelling.net\/de\/wandern-bester-wander-rucksack-mehrtagestouren-packliste\/#respond"]}]},{"@type":"WebPage","@id":"https:\/\/www.traveltelling.net\/de\/wandern-bester-wander-rucksack-mehrtagestouren-packliste\/","url":"https:\/\/www.traveltelling.net\/de\/wandern-bester-wander-rucksack-mehrtagestouren-packliste\/","name":"Osprey Kestrel 48 Erfahrungsbericht - Wanderrucksack + Packliste","isPartOf":{"@id":"https:\/\/www.traveltelling.net\/de\/#website"},"primaryImageOfPage":{"@id":"https:\/\/www.traveltelling.net\/de\/wandern-bester-wander-rucksack-mehrtagestouren-packliste\/#primaryimage"},"image":{"@id":"https:\/\/www.traveltelling.net\/de\/wandern-bester-wander-rucksack-mehrtagestouren-packliste\/#primaryimage"},"thumbnailUrl":"https:\/\/www.traveltelling.net\/wp-content\/uploads\/2019\/09\/Bester-Wanderrucksack-Osprey-Krestel.jpg","datePublished":"2019-10-01T12:03:29+00:00","dateModified":"2025-08-13T09:07:14+00:00","author":{"@id":"https:\/\/www.traveltelling.net\/de\/#\/schema\/person\/7549e44813ea4b392a23e4285b95fac4"},"description":"Wir haben den Osprey Kestrel 48 und den Kyte 46 ausgiebig getestet sowie eine komplette Packliste f\u00fcr ultraleicht Fans mit Komfortanspr\u00fcchen ausgearbeitet.","breadcrumb":{"@id":"https:\/\/www.traveltelling.net\/de\/wandern-bester-wander-rucksack-mehrtagestouren-packliste\/#breadcrumb"},"inLanguage":"de","potentialAction":[{"@type":"ReadAction","target":["https:\/\/www.traveltelling.net\/de\/wandern-bester-wander-rucksack-mehrtagestouren-packliste\/"]}]},{"@type":"ImageObject","inLanguage":"de","@id":"https:\/\/www.traveltelling.net\/de\/wandern-bester-wander-rucksack-mehrtagestouren-packliste\/#primaryimage","url":"https:\/\/www.traveltelling.net\/wp-content\/uploads\/2019\/09\/Bester-Wanderrucksack-Osprey-Krestel.jpg","contentUrl":"https:\/\/www.traveltelling.net\/wp-content\/uploads\/2019\/09\/Bester-Wanderrucksack-Osprey-Krestel.jpg","width":1200,"height":628},{"@type":"BreadcrumbList","@id":"https:\/\/www.traveltelling.net\/de\/wandern-bester-wander-rucksack-mehrtagestouren-packliste\/#breadcrumb","itemListElement":[{"@type":"ListItem","position":1,"name":"Startseite","item":"https:\/\/www.traveltelling.net\/de\/"},{"@type":"ListItem","position":2,"name":"Der perfekte Wanderrucksack f\u00fcr Mehrtagestouren + Packliste"}]},{"@type":"WebSite","@id":"https:\/\/www.traveltelling.net\/de\/#website","url":"https:\/\/www.traveltelling.net\/de\/","name":"TravelTelling","description":"Reiseberichte | Abenteuer | SlowTravel","potentialAction":[{"@type":"SearchAction","target":{"@type":"EntryPoint","urlTemplate":"https:\/\/www.traveltelling.net\/de\/?s={search_term_string}"},"query-input":{"@type":"PropertyValueSpecification","valueRequired":true,"valueName":"search_term_string"}}],"inLanguage":"de"},{"@type":"Person","@id":"https:\/\/www.traveltelling.net\/de\/#\/schema\/person\/7549e44813ea4b392a23e4285b95fac4","name":"Matthias","image":{"@type":"ImageObject","inLanguage":"de","@id":"https:\/\/secure.gravatar.com\/avatar\/4edbfecaedc483864ee39ad53461d94aefe2719d1ed41994034d47bb3623ae6b?s=96&d=mm&r=g","url":"https:\/\/secure.gravatar.com\/avatar\/4edbfecaedc483864ee39ad53461d94aefe2719d1ed41994034d47bb3623ae6b?s=96&d=mm&r=g","contentUrl":"https:\/\/secure.gravatar.com\/avatar\/4edbfecaedc483864ee39ad53461d94aefe2719d1ed41994034d47bb3623ae6b?s=96&d=mm&r=g","caption":"Matthias"},"description":"\u201eTravel is not reward for working, it\u2019s education for living\u201c.\u00a0Anthony Bourdain Hi, ich bin Matthias und reise gerne fernab der Massentourismuspfade, aktiv und abenteuerlich, aber zugleich auch genussvoll und entschleunigt. Am liebsten mit Rad, Rucksack oder Handgep\u00e4ck. Auf diesem Blog findest du neben Reiseberichten und Tipps auch Interviews, Gedanken, Gastartikel und viele Eindr\u00fccke zum Reisen mit dem Fahrrad.","sameAs":["https:\/\/www.traveltelling.net\/","https:\/\/www.facebook.com\/traveltelling","https:\/\/x.com\/traveltelling"],"url":"https:\/\/www.traveltelling.net\/de\/author\/matthias\/"}]}},"_links":{"self":[{"href":"https:\/\/www.traveltelling.net\/de\/wp-json\/wp\/v2\/posts\/15597","targetHints":{"allow":["GET"]}}],"collection":[{"href":"https:\/\/www.traveltelling.net\/de\/wp-json\/wp\/v2\/posts"}],"about":[{"href":"https:\/\/www.traveltelling.net\/de\/wp-json\/wp\/v2\/types\/post"}],"author":[{"embeddable":true,"href":"https:\/\/www.traveltelling.net\/de\/wp-json\/wp\/v2\/users\/4"}],"replies":[{"embeddable":true,"href":"https:\/\/www.traveltelling.net\/de\/wp-json\/wp\/v2\/comments?post=15597"}],"version-history":[{"count":1,"href":"https:\/\/www.traveltelling.net\/de\/wp-json\/wp\/v2\/posts\/15597\/revisions"}],"predecessor-version":[{"id":20470,"href":"https:\/\/www.traveltelling.net\/de\/wp-json\/wp\/v2\/posts\/15597\/revisions\/20470"}],"wp:featuredmedia":[{"embeddable":true,"href":"https:\/\/www.traveltelling.net\/de\/wp-json\/wp\/v2\/media\/15636"}],"wp:attachment":[{"href":"https:\/\/www.traveltelling.net\/de\/wp-json\/wp\/v2\/media?parent=15597"}],"wp:term":[{"taxonomy":"category","embeddable":true,"href":"https:\/\/www.traveltelling.net\/de\/wp-json\/wp\/v2\/categories?post=15597"},{"taxonomy":"post_tag","embeddable":true,"href":"https:\/\/www.traveltelling.net\/de\/wp-json\/wp\/v2\/tags?post=15597"}],"curies":[{"name":"wp","href":"https:\/\/api.w.org\/{rel}","templated":true}]}}