{"id":20214,"date":"2023-06-12T12:36:06","date_gmt":"2023-06-12T11:36:06","guid":{"rendered":"https:\/\/www.traveltelling.net\/?p=20214"},"modified":"2023-06-12T12:36:09","modified_gmt":"2023-06-12T11:36:09","slug":"bergwandern-groednertal-dolomiten","status":"publish","type":"post","link":"https:\/\/www.traveltelling.net\/de\/bergwandern-groednertal-dolomiten\/","title":{"rendered":"Bergwandern im Gr\u00f6dnertal: Die urt\u00fcmliche Seite der Dolomiten entdecken"},"content":{"rendered":"\n<p><a href=\"https:\/\/www.traveltelling.net\/de\/slow-travel-urlaub-in-suedtirol\/\">S\u00fcdtirol<\/a> geh\u00f6rt zu den beliebtesten Reisezielen f\u00fcr Wanderfans. Rund um das<br>beeindruckende Panorama der Dolomiten gibt es eine gro\u00dfe Vielfalt malerischer und<br>abwechslungsreicher Bergwanderrouten. Ein Paradies f\u00fcr Wanderfans ist das Gr\u00f6dnertal.<br>Hier gibt es spannende Bergtouren f\u00fcr alle Schwierigkeitsgrade. Und ganz gleich, ob der<br>Weg eher gem\u00e4chlich oder fordernd ausgefallen ist, am Ende gibt es immer eine<br>atemberaubende Aussicht, die jede kleine und gro\u00dfe M\u00fche wert ist.<\/p>\n\n\n\n<h2 class=\"wp-block-heading\">Warum das Gr\u00f6dnertal mein Herz erobert hat<\/h2>\n\n\n\n<p>Ich bin <a href=\"https:\/\/www.traveltelling.net\/de\/oesterreich-reise-wildkogel-arena-tipps-wandern-umweltzeichen-hotel\/\">in \u00d6sterreich<\/a> geboren und aufgewachsen. Das Bergwandern wurde mir sozusagen<br>in die Wiege gelegt und mein Opa hat immer gesagt, die Alpen sind die sch\u00f6nste<br>Kinderstube der Welt. Meine Eltern m\u00f6gen das im Hinblick auf kindersichere Aktivit\u00e4ten<br>ein bisschen anders gesehen haben, aber wir haben trotzdem gef\u00fchlt jede freie Minute<br>unserer Familienzeit in den Bergen verbracht. An das Gr\u00f6dnertal habe ich besonders<br>lebendige Erinnerungen, weil es eines der liebsten Ausflugsziele meiner Eltern war. <\/p>\n\n\n\n<p>Die Region hat den enormen Vorteil, dass es dort f\u00fcr absolut jeden Schwierigkeitsgrad<br>sch\u00f6ne Wanderrouten gibt. Und das Ziel ist jedes Mal lohnend. Von herausfordernden<br>Kletterpartien bis hin zu kinderwagentauglichen und komplett barrierefreien<br>Wanderwegen ist im und um das Gr\u00f6dnertal alles zu finden. Extremsportler und ge\u00fcbte<br>Bergwanderer kommen voll auf ihre Kosten und Familien mit kleinen Kindern k\u00f6nnen hier<br>einen sanften Zugang zur Natur finden und ihre Liebe zum Bergwandern entdecken.<\/p>\n\n\n\n<p>Ein Fakt, der f\u00fcr mich immer wieder den Ausschlag gibt, ist die enorme Gastfreundschaft,<br>die einem im Gr\u00f6dnertal begegnet. Ich f\u00fchle mich jedes Mal mit offenen Armen<br>empfangen. Was ich besonders mag, ist die Vielfalt an Unterk\u00fcnften, aus denen ich f\u00fcr<br>jeden Aufenthalt wieder neu w\u00e4hlen kann. Wenn ich mit Freunden unterwegs bin, sch\u00e4tze<br>ich rustikal gem\u00fctliche Ferienh\u00e4user, in denen wir unser Ding machen k\u00f6nnen. Wenn ich<br>alleine reise, habe ich es gerne etwas famili\u00e4r und lasse mich in einer Fr\u00fchst\u00fcckspension<br>verw\u00f6hnen.<\/p>\n\n\n\n<p>Ab und zu g\u00f6nne ich mir f\u00fcr meine Auszeit sogar ganz bewusst eine Kombination aus<br>Aktivurlaub und Wellness. Dann suche ich mir gerne ein <a href=\"https:\/\/www.laperlahotel.info\/\" target=\"_blank\" rel=\"noreferrer noopener\">Hotel in St. Ulrich<\/a>, in dem es<br>richtig leckeres Essen und einen sch\u00f6nen Spa-Bereich gibt. Von St. Ulrich aus habe ich<br>dann viele M\u00f6glichkeiten f\u00fcr sch\u00f6ne Tagesausfl\u00fcge an meinen Aktivtagen und kann<br>zwischendurch mal so richtig die Seele baumeln lassen.<\/p>\n\n\n\n<p>Oft nutze ich meine freien Tage aber auch, um dem Trubel und der Hektik des Alltags<br>mal so richtig zu entfliehen. Beim Bergwandern bekomme ich den Kopf frei und kann mal<br>wieder den Reset-Knopf dr\u00fccken. Wenn der Akku mal wieder so richtig tiefentladen und<br>neu aufgetankt werden soll, sind die kleinen versteckten Bergh\u00fctten mein<br>Lieblingsdomizil. Da oben in der unber\u00fchrten Natur gibt es keinen Verkehrsl\u00e4rm, wenige<br>Touristen und h\u00e4ufig noch nicht einmal Handyempfang. F\u00fcr mich geht Detox nirgendwo<br>sch\u00f6ner als in den Bergen.<\/p>\n\n\n\n<figure class=\"wp-block-image size-full\"><img decoding=\"async\" width=\"1618\" height=\"1080\" src=\"https:\/\/www.traveltelling.net\/wp-content\/uploads\/2023\/06\/AdobeStock_275078805.jpeg\" data-orig-src=\"https:\/\/www.traveltelling.net\/wp-content\/uploads\/2023\/06\/AdobeStock_275078805.jpeg\" alt=\"\" class=\"lazyload wp-image-20224\" srcset=\"data:image\/svg+xml,%3Csvg%20xmlns%3D%27http%3A%2F%2Fwww.w3.org%2F2000%2Fsvg%27%20width%3D%271618%27%20height%3D%271080%27%20viewBox%3D%270%200%201618%201080%27%3E%3Crect%20width%3D%271618%27%20height%3D%271080%27%20fill-opacity%3D%220%22%2F%3E%3C%2Fsvg%3E\" data-srcset=\"https:\/\/www.traveltelling.net\/wp-content\/uploads\/2023\/06\/AdobeStock_275078805-200x133.jpeg 200w, https:\/\/www.traveltelling.net\/wp-content\/uploads\/2023\/06\/AdobeStock_275078805-400x267.jpeg 400w, https:\/\/www.traveltelling.net\/wp-content\/uploads\/2023\/06\/AdobeStock_275078805-600x400.jpeg 600w, https:\/\/www.traveltelling.net\/wp-content\/uploads\/2023\/06\/AdobeStock_275078805-800x534.jpeg 800w, https:\/\/www.traveltelling.net\/wp-content\/uploads\/2023\/06\/AdobeStock_275078805-1200x801.jpeg 1200w, https:\/\/www.traveltelling.net\/wp-content\/uploads\/2023\/06\/AdobeStock_275078805-1536x1025.jpeg 1536w, https:\/\/www.traveltelling.net\/wp-content\/uploads\/2023\/06\/AdobeStock_275078805.jpeg 1618w\" data-sizes=\"auto\" data-orig-sizes=\"(max-width: 1618px) 100vw, 1618px\" \/><figcaption class=\"wp-element-caption\">Urlaubsfeeling pur mit Sonne, Wasser und einer grandiosen Aussicht. @ Simon Dannhauer (#275078805) \/ Adobe Stock<\/figcaption><\/figure>\n\n\n\n<h2 class=\"wp-block-heading\">Kommt mit auf meine absoluten Lieblingstouren im Gr\u00f6dnertal<\/h2>\n\n\n\n<p>Beim Wandern liebe ich die Abwechslung. Ab und zu darf sich eine Route aber auch gerne<br>ein bisschen anf\u00fchlen wie Nachhausekommen. Ich m\u00f6chte euch meine drei<br>Lieblingstouren im und um das Gr\u00f6dnertal vorstellen.<\/p>\n\n\n\n<h2 class=\"wp-block-heading\">Das Gr\u00f6dner Joch durchqueren: Die Gardenacia Hochfl\u00e4che<\/h2>\n\n\n\n<p>Diese Tour geh\u00f6rt immer wieder zu meinen absoluten Favourites. Die Gardenacia<br>Hochfl\u00e4che ist ein traumhaft sch\u00f6nes Naturerlebnis und ich entdecke immer wieder etwas<br>Neues. Nach der <a href=\"https:\/\/www.almenrausch.at\/outdoor-ratgeber\/detail\/bergwege-klassifizierung\/\" target=\"_blank\" rel=\"noreferrer noopener\">allgemeinen Bergwege-Klassifizierung<\/a> handelt es sich um eine mittelschwere<br>Route, da sie auch ein paar rote Bergwege umfasst. In der Variante, die am liebsten<br>w\u00e4hle, sind beim Aufstieg rund 750 H\u00f6henmeter zu \u00fcberwinden, beim Abstieg etwa<br>1400.<\/p>\n\n\n\n<p>Ich starte gerne direkt vom Gr\u00f6dner Joch auf 2121 H\u00f6henmetern. Wer Lust hat, kann<br>sich vor dem Aufbruch noch auf der Rifugio Gardenacia H\u00fctte st\u00e4rken. Von dort aus geht<br>es erst einmal ein St\u00fcck aufw\u00e4rts zum Cirjoch auf 2462 H\u00f6henmetern und weiter ins<br>Chedul-Tal. Hier f\u00fchrt ein sehr sch\u00f6ner und gut gepflegter Bergpfad \u00fcber Holzstufen in<br>das Crespeina-Joch auf 2528 H\u00f6henmetern.<\/p>\n\n\n\n<p>Hier solltet ihr eine ausgiebige Rast einplanen, denn das Crespeina-Joch beherbergt den<br>Crespeinasee, der in seiner wildromantischen Sch\u00f6nheit einfach genossen werden muss.<br>Beim Crespeinasee geht es erst einmal wieder ein wenig bergab zum Ciampaijoch auf<br>2366 m und weiter durch eine nat\u00fcrliche Felsenschlucht bis hinauf auf den Col dala Sone.<br>Der vulkanartige Bergh\u00fcgel ist mit seinem Gipfelkreuz nicht nur ein toller Fotopoint,<br>sondern bietet auch eine beeindruckende Aussicht. Jetzt wandern wir mit leichtem<br>Anstieg weiter bis zur Gardenacia-Hochfl\u00e4che in die Gardenacia-Scharte auf 2548 m<br>H\u00f6henmetern. Die n\u00e4chste gem\u00fctliche Einkehr und ein kulinarisches Must-Have erfolgt<br>auf der Gardenacia-H\u00fctte auf 2050 H\u00f6henmetern.<\/p>\n\n\n\n<p>Nach einem Schmaus k\u00f6nnen wir uns an den Abstieg nach Fontanacia wagen, den<br>Endpunkt meiner pers\u00f6nlichen Runde. Wer mir folgen m\u00f6chte, sollte f\u00fcr die Anreise<br>Fontanacia anpeilen. Von dort aus f\u00e4hrt ein Bus direkt auf das Gr\u00f6dner Joch als<br>Startpunkt der Wandertour. Unterwegs gibt es eine ganze Reihe gem\u00fctlicher H\u00fctten, die<br>sich f\u00fcr eine Zwischeneinkehr eignen. Insgesamt umfasst die Wegstrecke etwa 13,5<br>Kilometer und kann je nach pers\u00f6nlicher Geschwindigkeit und Einkehrh\u00e4ufigkeit in 5,5 bis<br>6,5 Stunden bew\u00e4ltigt werden.<\/p>\n\n\n\n<figure class=\"wp-block-image size-full\"><img decoding=\"async\" width=\"1920\" height=\"1004\" src=\"https:\/\/www.traveltelling.net\/wp-content\/uploads\/2023\/06\/AdobeStock_314279497.jpeg\" data-orig-src=\"https:\/\/www.traveltelling.net\/wp-content\/uploads\/2023\/06\/AdobeStock_314279497.jpeg\" alt=\"\" class=\"lazyload wp-image-20227\" srcset=\"data:image\/svg+xml,%3Csvg%20xmlns%3D%27http%3A%2F%2Fwww.w3.org%2F2000%2Fsvg%27%20width%3D%271920%27%20height%3D%271004%27%20viewBox%3D%270%200%201920%201004%27%3E%3Crect%20width%3D%271920%27%20height%3D%271004%27%20fill-opacity%3D%220%22%2F%3E%3C%2Fsvg%3E\" data-srcset=\"https:\/\/www.traveltelling.net\/wp-content\/uploads\/2023\/06\/AdobeStock_314279497-200x105.jpeg 200w, https:\/\/www.traveltelling.net\/wp-content\/uploads\/2023\/06\/AdobeStock_314279497-400x209.jpeg 400w, https:\/\/www.traveltelling.net\/wp-content\/uploads\/2023\/06\/AdobeStock_314279497-600x314.jpeg 600w, https:\/\/www.traveltelling.net\/wp-content\/uploads\/2023\/06\/AdobeStock_314279497-800x418.jpeg 800w, https:\/\/www.traveltelling.net\/wp-content\/uploads\/2023\/06\/AdobeStock_314279497-1200x628.jpeg 1200w, https:\/\/www.traveltelling.net\/wp-content\/uploads\/2023\/06\/AdobeStock_314279497-1536x803.jpeg 1536w, https:\/\/www.traveltelling.net\/wp-content\/uploads\/2023\/06\/AdobeStock_314279497.jpeg 1920w\" data-sizes=\"auto\" data-orig-sizes=\"(max-width: 1920px) 100vw, 1920px\" \/><figcaption class=\"wp-element-caption\">@ jenyateua (#314279497) \/ Adobe Stock<\/figcaption><\/figure>\n\n\n\n<h2 class=\"wp-block-heading\">\u00dcber die Seiseralm die Ro\u00dfz\u00e4hne umrunden<\/h2>\n\n\n\n<p>Wenn ich einmal so richtig den Kopf freikriegen m\u00f6chte, ohne mich total auszupowern,<br>zieht es mich gerne auf die Seiseralm. Die sanften Ebenen und ausgedehnten Almfl\u00e4chen<br>lassen mich durchatmen und bieten einen weiten Blick \u00fcber unber\u00fchrte Natur.<br>Meine Lieblingsroute ist mit etwas \u00fcber 20 Kilometer recht weit, hat aber eine Menge zu<br>bieten. Die Wegstrecke f\u00e4llt in die Kategorie mittelschwer, da auch hier ein paar rote<br>Bergwege enthalten sind. Ich starte am Compatsch auf der Seiseralm auf 1.844<br>H\u00f6henmetern. Von dort aus geht es gleich zu Beginn ohne gro\u00dfe H\u00f6henunterschiede \u00fcber<br>die wundersch\u00f6nen Ebenen der Alm, bis der Weg zur Ro\u00dfzahnscharte abzweigt. Von dort<br>aus wird es etwas steiler, denn die Route f\u00fchrt \u00fcber Serpentinen hinauf zur Scharte auf<br>2.499 H\u00f6henmetern. Wer es jetzt noch ein kleines St\u00fcck weiter schafft, findet leicht<br>bergab auf 2.440 H\u00f6henmetern die grandiose Tierser Alpl H\u00fctte. Daran gehe ich nie<br>vorbei.<\/p>\n\n\n\n<p>Eine St\u00e4rkung ist empfehlenswert, denn im Anschluss geht es etwas abenteuerlicher<br>weiter. In wechselnden Auf- und Abstiegen geht es unterhalb der Ro\u00dfz\u00e4hne entlang,<br>vorbei am Eselsr\u00fccken und ganz dicht an den Steilw\u00e4nden der Roterdspitze entlang. F\u00fcr<br>ein wenig Erholung sorgen die Ebenen der Platten und der Schlern Hochfl\u00e4che. Zu einer<br>weiteren Verschnaufpause vor dem R\u00fcckweg l\u00e4dt das Schlern Haus auf 2.450<br>H\u00f6henmetern ein.<\/p>\n\n\n\n<p>F\u00fcr den Abstieg w\u00e4hle ich gerne den Touristensteig. Was so \u00fcberf\u00fcllt klingt, ist eigentlich<br>ein recht anspruchsvoller Weg, der etwas Erfahrung, gutes Schuhwerk und Trittsicherheit<br>erfordert. Von dort geht es zur Santner Alm, von wo aus uns der Heimweg wieder \u00fcber<br>sanfte Ebenen und Almfl\u00e4chen bis zum Compatsch zur\u00fcckf\u00fchrt.<\/p>\n\n\n\n<h2 class=\"wp-block-heading\">Den Naturpark Puez-Geisler genie\u00dfen<\/h2>\n\n\n\n<p>Einer meiner All-Time-Favourites ist der Naturpark Puez-Geisler. Die gesch\u00fctzte Natur im<br>Landschaftsschutzgebiet l\u00e4sst sich auf einer Rundstrecke von 15 Kilometern L\u00e4nge<br>genie\u00dfen. Das Tolle daran ist, dass die Route \u00fcber den Dolomiten H\u00f6henweg Nr. 2 f\u00fchrt,<br>der nicht umsonst zu den sch\u00f6nsten Wanderrouten der Region geh\u00f6rt.<\/p>\n\n\n\n<p>Bei einem durchschnittlichen Lauftempo l\u00e4sst sich die gesamte Strecke in rund 6 Stunden<br>meistern und es bleibt noch genug Zeit, um die Sch\u00f6nheiten der Natur zu bewundern.<br>Die Wanderung ist eher bei einem leichten Schwierigkeitsgrad anzusiedeln. Es sind nur<br>330 H\u00f6henmeter zu \u00fcberwinden. Aufgrund der Streckenl\u00e4nge sollte man trotzdem recht<br>ausdauernd zu Fu\u00df sein. Wem die Strecke zu weit ist, dem empfehle ich, die Route auf<br>zwei Tage zu splitten und sich daf\u00fcr eine Nacht in der urgem\u00fctlichen Puez-H\u00fctte zu<br>g\u00f6nnen. Hier ist eine Vorreservierung allerdings unbedingt ratsam.<\/p>\n\n\n\n<p>Ein guter Ausgangspunkt f\u00fcr die Wanderroute durch den Naturpark Puez-Geisler ist die<br>Dantercepies-Bergstation in Wolkenstein. Von dort aus f\u00fchrt ein gut ausgebauter und<br>beschilderter Weg direkt durch die Felsformationen und trifft schlie\u00dflich auf die Puez-<br>Hochebene. Hier k\u00f6nnt ihr so richtig durchatmen und die wundersch\u00f6ne Aussicht<br>genie\u00dfen. Die Hochebene wird gerne mit einer surrealen Mondlandschaft verglichen. So<br>weit w\u00fcrde ich zwar nicht gehen, aber die bizarren Felsformationen haben schon einen<br>ganz eigenen Charme.<\/p>\n\n\n\n<p>Der Rundweg f\u00fchrt weiter am Cresp\u00ebina-See vorbei. Das kristallklare Wasser ist immer<br>wieder einladend. Da der See allerdings eher frische Temperaturen aufweist, begn\u00fcge ich<br>mich meist damit, aus Schuhen und Str\u00fcmpfen zu schl\u00fcpfen und mir eine kleine<br>Abk\u00fchlung zu g\u00f6nnen. Ich empfehle, die Runde durch den Naturpark Puez-Geisler vor <br>allem von Juni bis September zu machen. Dann besteht sogar die Chance, dass der See<br>f\u00fcr Mutige die passende Badetemperatur hat.<br>Der R\u00fcckweg erfolgt \u00fcber einen Abstieg ins Langental, das anschlie\u00dfend wieder bis nach<br>Wolkenstein zur\u00fcckf\u00fchrt.<\/p>\n\n\n\n<p>Nun habt ihr meine drei Lieblingsrouten im und um das Gr\u00f6dnertal kennengelernt. Es gibt<br>noch so viel mehr zu erkunden. Also schn\u00fcrt die Wanderstiefel und genie\u00dft das<br>Abenteuer Dolomiten.<\/p>\n\n\n\n<h2 class=\"wp-block-heading has-text-align-center\">Auf Pinterest!? Pin it! <\/h2>\n\n\n\n<figure class=\"wp-block-image size-full\"><img decoding=\"async\" width=\"735\" height=\"1102\" src=\"https:\/\/www.traveltelling.net\/wp-content\/uploads\/2023\/06\/Bergwandern-im-Groednertal.png\" data-orig-src=\"https:\/\/www.traveltelling.net\/wp-content\/uploads\/2023\/06\/Bergwandern-im-Groednertal.png\" alt=\"\" class=\"lazyload wp-image-20237\" srcset=\"data:image\/svg+xml,%3Csvg%20xmlns%3D%27http%3A%2F%2Fwww.w3.org%2F2000%2Fsvg%27%20width%3D%27735%27%20height%3D%271102%27%20viewBox%3D%270%200%20735%201102%27%3E%3Crect%20width%3D%27735%27%20height%3D%271102%27%20fill-opacity%3D%220%22%2F%3E%3C%2Fsvg%3E\" data-srcset=\"https:\/\/www.traveltelling.net\/wp-content\/uploads\/2023\/06\/Bergwandern-im-Groednertal-200x300.png 200w, https:\/\/www.traveltelling.net\/wp-content\/uploads\/2023\/06\/Bergwandern-im-Groednertal-400x600.png 400w, https:\/\/www.traveltelling.net\/wp-content\/uploads\/2023\/06\/Bergwandern-im-Groednertal-600x900.png 600w, https:\/\/www.traveltelling.net\/wp-content\/uploads\/2023\/06\/Bergwandern-im-Groednertal.png 735w\" data-sizes=\"auto\" data-orig-sizes=\"(max-width: 735px) 100vw, 735px\" \/><\/figure>\n\n\n\n<p><\/p>\n\n\n\n<p><strong><em>Transparnezhinweis:<\/em><\/strong> <em>Der Artikel entstand in freundlicher Zusammenarbeit mit der externen Autorin Nora Melsker. Die geb\u00fcrtige \u00d6sterreicherin hat das Bergwandern schon in der Kindheit gemeinsam mit ihrer Familie entdeckt. Als Erwachsene zog es sie in immer weiter entlegene Wandergebiete, von China \u00fcber Indien bis hin nach Australien und Neuseeland. Ihre absoluten Lieblingspl\u00e4tze findet die 31-J\u00e4hrige aber bis heute in S\u00fcdtirol, nicht ganz so weit weg von der Heimat. Gerne teilt sie ihre favorisierten Bergtouren mit anderen Wanderfans und macht die Dolomiten mit ihrer beeindruckenden Natur zu einem absoluten Place to be.<\/em><\/p>\n","protected":false},"excerpt":{"rendered":"<p> <a href=\"https:\/\/www.traveltelling.net\/de\/bergwandern-groednertal-dolomiten\/\"> Weiterlesen<\/a><\/p>\n","protected":false},"author":4,"featured_media":20222,"comment_status":"open","ping_status":"open","sticky":false,"template":"","format":"standard","meta":{"footnotes":""},"categories":[655,642],"tags":[],"class_list":["post-20214","post","type-post","status-publish","format-standard","has-post-thumbnail","hentry","category-gast-artikel","category-bewusst-reisen"],"yoast_head":"<!-- This site is optimized with the Yoast SEO plugin v27.4 - https:\/\/yoast.com\/product\/yoast-seo-wordpress\/ -->\n<title>Bergwandern im Gr\u00f6dnertal: Tourenvorschl\u00e4ge f\u00fcr Wanderer<\/title>\n<meta name=\"description\" content=\"Bergtouren f\u00fcr Wanderfans: Drei Lieblingsrouten im Gr\u00f6dnertal. Entdecke beim Bergwandern die Dolomiten in S\u00fcd Tirol.\" \/>\n<meta name=\"robots\" content=\"index, follow, max-snippet:-1, max-image-preview:large, max-video-preview:-1\" \/>\n<link rel=\"canonical\" href=\"https:\/\/www.traveltelling.net\/de\/bergwandern-groednertal-dolomiten\/\" \/>\n<meta property=\"og:locale\" content=\"de_DE\" \/>\n<meta property=\"og:type\" content=\"article\" \/>\n<meta property=\"og:title\" content=\"Bergwandern im Gr\u00f6dnertal: Tourenvorschl\u00e4ge f\u00fcr Wanderer\" \/>\n<meta property=\"og:description\" content=\"Bergtouren f\u00fcr Wanderfans: Drei Lieblingsrouten im Gr\u00f6dnertal. Entdecke beim Bergwandern die Dolomiten in S\u00fcd Tirol.\" \/>\n<meta property=\"og:url\" content=\"https:\/\/www.traveltelling.net\/de\/bergwandern-groednertal-dolomiten\/\" \/>\n<meta property=\"og:site_name\" content=\"TravelTelling\" \/>\n<meta property=\"article:publisher\" content=\"https:\/\/www.facebook.com\/traveltelling\" \/>\n<meta property=\"article:author\" content=\"https:\/\/www.facebook.com\/traveltelling\" \/>\n<meta property=\"article:published_time\" content=\"2023-06-12T11:36:06+00:00\" \/>\n<meta property=\"article:modified_time\" content=\"2023-06-12T11:36:09+00:00\" \/>\n<meta property=\"og:image\" content=\"https:\/\/www.traveltelling.net\/wp-content\/uploads\/2023\/06\/@-Sergii-Mostovyi-128066160-Adobe-Stock.jpeg\" \/>\n\t<meta property=\"og:image:width\" content=\"1602\" \/>\n\t<meta property=\"og:image:height\" content=\"1080\" \/>\n\t<meta property=\"og:image:type\" content=\"image\/jpeg\" \/>\n<meta name=\"author\" content=\"Matthias\" \/>\n<meta name=\"twitter:card\" content=\"summary_large_image\" \/>\n<meta name=\"twitter:creator\" content=\"@traveltelling\" \/>\n<meta name=\"twitter:site\" content=\"@traveltelling\" \/>\n<meta name=\"twitter:label1\" content=\"Verfasst von\" \/>\n\t<meta name=\"twitter:data1\" content=\"Matthias\" \/>\n\t<meta name=\"twitter:label2\" content=\"Gesch\u00e4tzte Lesezeit\" \/>\n\t<meta name=\"twitter:data2\" content=\"9\u00a0Minuten\" \/>\n<script type=\"application\/ld+json\" class=\"yoast-schema-graph\">{\"@context\":\"https:\\\/\\\/schema.org\",\"@graph\":[{\"@type\":\"Article\",\"@id\":\"https:\\\/\\\/www.traveltelling.net\\\/de\\\/bergwandern-groednertal-dolomiten\\\/#article\",\"isPartOf\":{\"@id\":\"https:\\\/\\\/www.traveltelling.net\\\/de\\\/bergwandern-groednertal-dolomiten\\\/\"},\"author\":{\"name\":\"Matthias\",\"@id\":\"https:\\\/\\\/www.traveltelling.net\\\/de\\\/#\\\/schema\\\/person\\\/7549e44813ea4b392a23e4285b95fac4\"},\"headline\":\"Bergwandern im Gr\u00f6dnertal: Die urt\u00fcmliche Seite der Dolomiten entdecken\",\"datePublished\":\"2023-06-12T11:36:06+00:00\",\"dateModified\":\"2023-06-12T11:36:09+00:00\",\"mainEntityOfPage\":{\"@id\":\"https:\\\/\\\/www.traveltelling.net\\\/de\\\/bergwandern-groednertal-dolomiten\\\/\"},\"wordCount\":1575,\"commentCount\":0,\"image\":{\"@id\":\"https:\\\/\\\/www.traveltelling.net\\\/de\\\/bergwandern-groednertal-dolomiten\\\/#primaryimage\"},\"thumbnailUrl\":\"https:\\\/\\\/www.traveltelling.net\\\/wp-content\\\/uploads\\\/2023\\\/06\\\/@-Sergii-Mostovyi-128066160-Adobe-Stock.jpeg\",\"articleSection\":[\"Gast Artikel\",\"Slow Travel\"],\"inLanguage\":\"de\",\"potentialAction\":[{\"@type\":\"CommentAction\",\"name\":\"Comment\",\"target\":[\"https:\\\/\\\/www.traveltelling.net\\\/de\\\/bergwandern-groednertal-dolomiten\\\/#respond\"]}]},{\"@type\":\"WebPage\",\"@id\":\"https:\\\/\\\/www.traveltelling.net\\\/de\\\/bergwandern-groednertal-dolomiten\\\/\",\"url\":\"https:\\\/\\\/www.traveltelling.net\\\/de\\\/bergwandern-groednertal-dolomiten\\\/\",\"name\":\"Bergwandern im Gr\u00f6dnertal: Tourenvorschl\u00e4ge f\u00fcr Wanderer\",\"isPartOf\":{\"@id\":\"https:\\\/\\\/www.traveltelling.net\\\/de\\\/#website\"},\"primaryImageOfPage\":{\"@id\":\"https:\\\/\\\/www.traveltelling.net\\\/de\\\/bergwandern-groednertal-dolomiten\\\/#primaryimage\"},\"image\":{\"@id\":\"https:\\\/\\\/www.traveltelling.net\\\/de\\\/bergwandern-groednertal-dolomiten\\\/#primaryimage\"},\"thumbnailUrl\":\"https:\\\/\\\/www.traveltelling.net\\\/wp-content\\\/uploads\\\/2023\\\/06\\\/@-Sergii-Mostovyi-128066160-Adobe-Stock.jpeg\",\"datePublished\":\"2023-06-12T11:36:06+00:00\",\"dateModified\":\"2023-06-12T11:36:09+00:00\",\"author\":{\"@id\":\"https:\\\/\\\/www.traveltelling.net\\\/de\\\/#\\\/schema\\\/person\\\/7549e44813ea4b392a23e4285b95fac4\"},\"description\":\"Bergtouren f\u00fcr Wanderfans: Drei Lieblingsrouten im Gr\u00f6dnertal. Entdecke beim Bergwandern die Dolomiten in S\u00fcd Tirol.\",\"breadcrumb\":{\"@id\":\"https:\\\/\\\/www.traveltelling.net\\\/de\\\/bergwandern-groednertal-dolomiten\\\/#breadcrumb\"},\"inLanguage\":\"de\",\"potentialAction\":[{\"@type\":\"ReadAction\",\"target\":[\"https:\\\/\\\/www.traveltelling.net\\\/de\\\/bergwandern-groednertal-dolomiten\\\/\"]}]},{\"@type\":\"ImageObject\",\"inLanguage\":\"de\",\"@id\":\"https:\\\/\\\/www.traveltelling.net\\\/de\\\/bergwandern-groednertal-dolomiten\\\/#primaryimage\",\"url\":\"https:\\\/\\\/www.traveltelling.net\\\/wp-content\\\/uploads\\\/2023\\\/06\\\/@-Sergii-Mostovyi-128066160-Adobe-Stock.jpeg\",\"contentUrl\":\"https:\\\/\\\/www.traveltelling.net\\\/wp-content\\\/uploads\\\/2023\\\/06\\\/@-Sergii-Mostovyi-128066160-Adobe-Stock.jpeg\",\"width\":1602,\"height\":1080,\"caption\":\"Wandern in den Dolomiten ist immer ein bisschen wie Nachhausekommen.@ Sergii Mostovyi (#128066160) Adobe Stock\"},{\"@type\":\"BreadcrumbList\",\"@id\":\"https:\\\/\\\/www.traveltelling.net\\\/de\\\/bergwandern-groednertal-dolomiten\\\/#breadcrumb\",\"itemListElement\":[{\"@type\":\"ListItem\",\"position\":1,\"name\":\"Startseite\",\"item\":\"https:\\\/\\\/www.traveltelling.net\\\/de\\\/\"},{\"@type\":\"ListItem\",\"position\":2,\"name\":\"Bergwandern im Gr\u00f6dnertal: Die urt\u00fcmliche Seite der Dolomiten entdecken\"}]},{\"@type\":\"WebSite\",\"@id\":\"https:\\\/\\\/www.traveltelling.net\\\/de\\\/#website\",\"url\":\"https:\\\/\\\/www.traveltelling.net\\\/de\\\/\",\"name\":\"TravelTelling\",\"description\":\"Reiseberichte | Abenteuer | SlowTravel\",\"potentialAction\":[{\"@type\":\"SearchAction\",\"target\":{\"@type\":\"EntryPoint\",\"urlTemplate\":\"https:\\\/\\\/www.traveltelling.net\\\/de\\\/?s={search_term_string}\"},\"query-input\":{\"@type\":\"PropertyValueSpecification\",\"valueRequired\":true,\"valueName\":\"search_term_string\"}}],\"inLanguage\":\"de\"},{\"@type\":\"Person\",\"@id\":\"https:\\\/\\\/www.traveltelling.net\\\/de\\\/#\\\/schema\\\/person\\\/7549e44813ea4b392a23e4285b95fac4\",\"name\":\"Matthias\",\"image\":{\"@type\":\"ImageObject\",\"inLanguage\":\"de\",\"@id\":\"https:\\\/\\\/secure.gravatar.com\\\/avatar\\\/4edbfecaedc483864ee39ad53461d94aefe2719d1ed41994034d47bb3623ae6b?s=96&d=mm&r=g\",\"url\":\"https:\\\/\\\/secure.gravatar.com\\\/avatar\\\/4edbfecaedc483864ee39ad53461d94aefe2719d1ed41994034d47bb3623ae6b?s=96&d=mm&r=g\",\"contentUrl\":\"https:\\\/\\\/secure.gravatar.com\\\/avatar\\\/4edbfecaedc483864ee39ad53461d94aefe2719d1ed41994034d47bb3623ae6b?s=96&d=mm&r=g\",\"caption\":\"Matthias\"},\"description\":\"\u201eTravel is not reward for working, it\u2019s education for living\u201c.\u00a0Anthony Bourdain Hi, ich bin Matthias und reise gerne fernab der Massentourismuspfade, aktiv und abenteuerlich, aber zugleich auch genussvoll und entschleunigt. Am liebsten mit Rad, Rucksack oder Handgep\u00e4ck. Auf diesem Blog findest du neben Reiseberichten und Tipps auch Interviews, Gedanken, Gastartikel und viele Eindr\u00fccke zum Reisen mit dem Fahrrad.\",\"sameAs\":[\"https:\\\/\\\/www.traveltelling.net\\\/\",\"https:\\\/\\\/www.facebook.com\\\/traveltelling\",\"https:\\\/\\\/x.com\\\/traveltelling\"],\"url\":\"https:\\\/\\\/www.traveltelling.net\\\/de\\\/author\\\/matthias\\\/\"}]}<\/script>\n<!-- \/ Yoast SEO plugin. -->","yoast_head_json":{"title":"Bergwandern im Gr\u00f6dnertal: Tourenvorschl\u00e4ge f\u00fcr Wanderer","description":"Bergtouren f\u00fcr Wanderfans: Drei Lieblingsrouten im Gr\u00f6dnertal. Entdecke beim Bergwandern die Dolomiten in S\u00fcd Tirol.","robots":{"index":"index","follow":"follow","max-snippet":"max-snippet:-1","max-image-preview":"max-image-preview:large","max-video-preview":"max-video-preview:-1"},"canonical":"https:\/\/www.traveltelling.net\/de\/bergwandern-groednertal-dolomiten\/","og_locale":"de_DE","og_type":"article","og_title":"Bergwandern im Gr\u00f6dnertal: Tourenvorschl\u00e4ge f\u00fcr Wanderer","og_description":"Bergtouren f\u00fcr Wanderfans: Drei Lieblingsrouten im Gr\u00f6dnertal. Entdecke beim Bergwandern die Dolomiten in S\u00fcd Tirol.","og_url":"https:\/\/www.traveltelling.net\/de\/bergwandern-groednertal-dolomiten\/","og_site_name":"TravelTelling","article_publisher":"https:\/\/www.facebook.com\/traveltelling","article_author":"https:\/\/www.facebook.com\/traveltelling","article_published_time":"2023-06-12T11:36:06+00:00","article_modified_time":"2023-06-12T11:36:09+00:00","og_image":[{"width":1602,"height":1080,"url":"https:\/\/www.traveltelling.net\/wp-content\/uploads\/2023\/06\/@-Sergii-Mostovyi-128066160-Adobe-Stock.jpeg","type":"image\/jpeg"}],"author":"Matthias","twitter_card":"summary_large_image","twitter_creator":"@traveltelling","twitter_site":"@traveltelling","twitter_misc":{"Verfasst von":"Matthias","Gesch\u00e4tzte Lesezeit":"9\u00a0Minuten"},"schema":{"@context":"https:\/\/schema.org","@graph":[{"@type":"Article","@id":"https:\/\/www.traveltelling.net\/de\/bergwandern-groednertal-dolomiten\/#article","isPartOf":{"@id":"https:\/\/www.traveltelling.net\/de\/bergwandern-groednertal-dolomiten\/"},"author":{"name":"Matthias","@id":"https:\/\/www.traveltelling.net\/de\/#\/schema\/person\/7549e44813ea4b392a23e4285b95fac4"},"headline":"Bergwandern im Gr\u00f6dnertal: Die urt\u00fcmliche Seite der Dolomiten entdecken","datePublished":"2023-06-12T11:36:06+00:00","dateModified":"2023-06-12T11:36:09+00:00","mainEntityOfPage":{"@id":"https:\/\/www.traveltelling.net\/de\/bergwandern-groednertal-dolomiten\/"},"wordCount":1575,"commentCount":0,"image":{"@id":"https:\/\/www.traveltelling.net\/de\/bergwandern-groednertal-dolomiten\/#primaryimage"},"thumbnailUrl":"https:\/\/www.traveltelling.net\/wp-content\/uploads\/2023\/06\/@-Sergii-Mostovyi-128066160-Adobe-Stock.jpeg","articleSection":["Gast Artikel","Slow Travel"],"inLanguage":"de","potentialAction":[{"@type":"CommentAction","name":"Comment","target":["https:\/\/www.traveltelling.net\/de\/bergwandern-groednertal-dolomiten\/#respond"]}]},{"@type":"WebPage","@id":"https:\/\/www.traveltelling.net\/de\/bergwandern-groednertal-dolomiten\/","url":"https:\/\/www.traveltelling.net\/de\/bergwandern-groednertal-dolomiten\/","name":"Bergwandern im Gr\u00f6dnertal: Tourenvorschl\u00e4ge f\u00fcr Wanderer","isPartOf":{"@id":"https:\/\/www.traveltelling.net\/de\/#website"},"primaryImageOfPage":{"@id":"https:\/\/www.traveltelling.net\/de\/bergwandern-groednertal-dolomiten\/#primaryimage"},"image":{"@id":"https:\/\/www.traveltelling.net\/de\/bergwandern-groednertal-dolomiten\/#primaryimage"},"thumbnailUrl":"https:\/\/www.traveltelling.net\/wp-content\/uploads\/2023\/06\/@-Sergii-Mostovyi-128066160-Adobe-Stock.jpeg","datePublished":"2023-06-12T11:36:06+00:00","dateModified":"2023-06-12T11:36:09+00:00","author":{"@id":"https:\/\/www.traveltelling.net\/de\/#\/schema\/person\/7549e44813ea4b392a23e4285b95fac4"},"description":"Bergtouren f\u00fcr Wanderfans: Drei Lieblingsrouten im Gr\u00f6dnertal. Entdecke beim Bergwandern die Dolomiten in S\u00fcd Tirol.","breadcrumb":{"@id":"https:\/\/www.traveltelling.net\/de\/bergwandern-groednertal-dolomiten\/#breadcrumb"},"inLanguage":"de","potentialAction":[{"@type":"ReadAction","target":["https:\/\/www.traveltelling.net\/de\/bergwandern-groednertal-dolomiten\/"]}]},{"@type":"ImageObject","inLanguage":"de","@id":"https:\/\/www.traveltelling.net\/de\/bergwandern-groednertal-dolomiten\/#primaryimage","url":"https:\/\/www.traveltelling.net\/wp-content\/uploads\/2023\/06\/@-Sergii-Mostovyi-128066160-Adobe-Stock.jpeg","contentUrl":"https:\/\/www.traveltelling.net\/wp-content\/uploads\/2023\/06\/@-Sergii-Mostovyi-128066160-Adobe-Stock.jpeg","width":1602,"height":1080,"caption":"Wandern in den Dolomiten ist immer ein bisschen wie Nachhausekommen.@ Sergii Mostovyi (#128066160) Adobe Stock"},{"@type":"BreadcrumbList","@id":"https:\/\/www.traveltelling.net\/de\/bergwandern-groednertal-dolomiten\/#breadcrumb","itemListElement":[{"@type":"ListItem","position":1,"name":"Startseite","item":"https:\/\/www.traveltelling.net\/de\/"},{"@type":"ListItem","position":2,"name":"Bergwandern im Gr\u00f6dnertal: Die urt\u00fcmliche Seite der Dolomiten entdecken"}]},{"@type":"WebSite","@id":"https:\/\/www.traveltelling.net\/de\/#website","url":"https:\/\/www.traveltelling.net\/de\/","name":"TravelTelling","description":"Reiseberichte | Abenteuer | SlowTravel","potentialAction":[{"@type":"SearchAction","target":{"@type":"EntryPoint","urlTemplate":"https:\/\/www.traveltelling.net\/de\/?s={search_term_string}"},"query-input":{"@type":"PropertyValueSpecification","valueRequired":true,"valueName":"search_term_string"}}],"inLanguage":"de"},{"@type":"Person","@id":"https:\/\/www.traveltelling.net\/de\/#\/schema\/person\/7549e44813ea4b392a23e4285b95fac4","name":"Matthias","image":{"@type":"ImageObject","inLanguage":"de","@id":"https:\/\/secure.gravatar.com\/avatar\/4edbfecaedc483864ee39ad53461d94aefe2719d1ed41994034d47bb3623ae6b?s=96&d=mm&r=g","url":"https:\/\/secure.gravatar.com\/avatar\/4edbfecaedc483864ee39ad53461d94aefe2719d1ed41994034d47bb3623ae6b?s=96&d=mm&r=g","contentUrl":"https:\/\/secure.gravatar.com\/avatar\/4edbfecaedc483864ee39ad53461d94aefe2719d1ed41994034d47bb3623ae6b?s=96&d=mm&r=g","caption":"Matthias"},"description":"\u201eTravel is not reward for working, it\u2019s education for living\u201c.\u00a0Anthony Bourdain Hi, ich bin Matthias und reise gerne fernab der Massentourismuspfade, aktiv und abenteuerlich, aber zugleich auch genussvoll und entschleunigt. Am liebsten mit Rad, Rucksack oder Handgep\u00e4ck. Auf diesem Blog findest du neben Reiseberichten und Tipps auch Interviews, Gedanken, Gastartikel und viele Eindr\u00fccke zum Reisen mit dem Fahrrad.","sameAs":["https:\/\/www.traveltelling.net\/","https:\/\/www.facebook.com\/traveltelling","https:\/\/x.com\/traveltelling"],"url":"https:\/\/www.traveltelling.net\/de\/author\/matthias\/"}]}},"_links":{"self":[{"href":"https:\/\/www.traveltelling.net\/de\/wp-json\/wp\/v2\/posts\/20214","targetHints":{"allow":["GET"]}}],"collection":[{"href":"https:\/\/www.traveltelling.net\/de\/wp-json\/wp\/v2\/posts"}],"about":[{"href":"https:\/\/www.traveltelling.net\/de\/wp-json\/wp\/v2\/types\/post"}],"author":[{"embeddable":true,"href":"https:\/\/www.traveltelling.net\/de\/wp-json\/wp\/v2\/users\/4"}],"replies":[{"embeddable":true,"href":"https:\/\/www.traveltelling.net\/de\/wp-json\/wp\/v2\/comments?post=20214"}],"version-history":[{"count":0,"href":"https:\/\/www.traveltelling.net\/de\/wp-json\/wp\/v2\/posts\/20214\/revisions"}],"wp:featuredmedia":[{"embeddable":true,"href":"https:\/\/www.traveltelling.net\/de\/wp-json\/wp\/v2\/media\/20222"}],"wp:attachment":[{"href":"https:\/\/www.traveltelling.net\/de\/wp-json\/wp\/v2\/media?parent=20214"}],"wp:term":[{"taxonomy":"category","embeddable":true,"href":"https:\/\/www.traveltelling.net\/de\/wp-json\/wp\/v2\/categories?post=20214"},{"taxonomy":"post_tag","embeddable":true,"href":"https:\/\/www.traveltelling.net\/de\/wp-json\/wp\/v2\/tags?post=20214"}],"curies":[{"name":"wp","href":"https:\/\/api.w.org\/{rel}","templated":true}]}}